{"id":77077,"date":"2019-03-25T12:23:42","date_gmt":"2019-03-25T08:23:42","guid":{"rendered":""},"modified":"-0001-11-30T00:00:00","modified_gmt":"-0001-11-29T20:00:00","slug":"","status":"publish","type":"post","link":"https:\/\/ucnoqta.az\/?p=77077","title":{"rendered":"Bu g\u00fcn Sumqay\u0131t\u0131n bir hiss\u0259sind\u0259 i\u015f\u0131q olmayacaq"},"content":{"rendered":"<p><strong>Bu g&uuml;n Sumqay\u0131t \u015f\u0259h\u0259rinin bir hiss\u0259sind\u0259 elektrik enerjisinin verili\u015find\u0259 fasil\u0259 yaranacaq.<\/strong><\/p>\n<p>Ucnoqta.az x\u0259b\u0259r verir ki, bu bar\u0259d\u0259 Trend-\u0259 &quot;Az\u0259ri\u015f\u0131q&quot; ASC-nin m\u0259tbuat xidm\u0259tinin r\u0259hb\u0259ri Tanr\u0131verdi Mustafayev deyib. Qurum r\u0259smisi bildirib ki, fasil\u0259y\u0259 s\u0259b\u0259b Sumqay\u0131t D\u0259miryol \u0130dar\u0259sinin tunel &ccedil;\u0259kili\u015fi il\u0259 ba\u011fl\u0131 i\u015fl\u0259r\u0259 ba\u015flamas\u0131d\u0131r:<\/p>\n<p>&quot;Sumqay\u0131t D\u0259miryol \u0130dar\u0259si tunel-ke&ccedil;id tikir. Bu s\u0259b\u0259bd\u0259n d\u0259 h\u0259min \u0259razid\u0259n elektrik x\u0259tl\u0259ri k&ouml;&ccedil;&uuml;r&uuml;lm\u0259lidir. K&ouml;&ccedil;&uuml;r&uuml;lm\u0259 s\u0259b\u0259bind\u0259n Sumqay\u0131t\u0131n 8, 9, 10, 11, 17 v\u0259 18-ci mikrorayon \u0259razil\u0259rind\u0259 elektrik enerjisinin verili\u015find\u0259 fasil\u0259 yaranacaq&quot;.<\/p>\n<p>O \u0259lav\u0259 edib ki, fasil\u0259 m&uuml;xt\u0259lif vaxtlarda ayr\u0131-ayr\u0131 \u0259razil\u0259rd\u0259 1 saata q\u0259d\u0259r davam ed\u0259c\u0259k: &quot;Az\u0259ri\u015f\u0131q&quot; ASC yaranacaq narahatl\u0131\u011fa g&ouml;r\u0259 abun\u0259&ccedil;il\u0259rd\u0259n &uuml;zr ist\u0259yir&quot;.<\/p>\n<p>&nbsp;<\/p>\n","protected":false},"excerpt":{"rendered":"<p>Bu g&uuml;n Sumqay\u0131t \u015f\u0259h\u0259rinin bir hiss\u0259sind\u0259 elektrik enerjisinin verili\u015find\u0259 fasil\u0259 yaranacaq. Ucnoqta.az x\u0259b\u0259r verir ki, bu bar\u0259d\u0259 Trend-\u0259 &quot;Az\u0259ri\u015f\u0131q&quot; ASC-nin m\u0259tbuat xidm\u0259tinin r\u0259hb\u0259ri Tanr\u0131verdi Mustafayev deyib. Qurum r\u0259smisi bildirib ki,&hellip;<\/p>\n","protected":false},"author":1,"featured_media":251278,"comment_status":"open","ping_status":"open","sticky":false,"template":"","format":"standard","meta":{"_lmt_disableupdate":"","_lmt_disable":"","footnotes":""},"categories":[],"tags":[],"class_list":["post-77077","post","type-post","status-publish","format-standard","has-post-thumbnail","hentry"],"_links":{"self":[{"href":"https:\/\/ucnoqta.az\/index.php?rest_route=\/wp\/v2\/posts\/77077","targetHints":{"allow":["GET"]}}],"collection":[{"href":"https:\/\/ucnoqta.az\/index.php?rest_route=\/wp\/v2\/posts"}],"about":[{"href":"https:\/\/ucnoqta.az\/index.php?rest_route=\/wp\/v2\/types\/post"}],"author":[{"embeddable":true,"href":"https:\/\/ucnoqta.az\/index.php?rest_route=\/wp\/v2\/users\/1"}],"replies":[{"embeddable":true,"href":"https:\/\/ucnoqta.az\/index.php?rest_route=%2Fwp%2Fv2%2Fcomments&post=77077"}],"version-history":[{"count":0,"href":"https:\/\/ucnoqta.az\/index.php?rest_route=\/wp\/v2\/posts\/77077\/revisions"}],"wp:featuredmedia":[{"embeddable":true,"href":"https:\/\/ucnoqta.az\/index.php?rest_route=\/wp\/v2\/media\/251278"}],"wp:attachment":[{"href":"https:\/\/ucnoqta.az\/index.php?rest_route=%2Fwp%2Fv2%2Fmedia&parent=77077"}],"wp:term":[{"taxonomy":"category","embeddable":true,"href":"https:\/\/ucnoqta.az\/index.php?rest_route=%2Fwp%2Fv2%2Fcategories&post=77077"},{"taxonomy":"post_tag","embeddable":true,"href":"https:\/\/ucnoqta.az\/index.php?rest_route=%2Fwp%2Fv2%2Ftags&post=77077"}],"curies":[{"name":"wp","href":"https:\/\/api.w.org\/{rel}","templated":true}]}}