{"id":77072,"date":"2019-03-25T11:39:36","date_gmt":"2019-03-25T07:39:36","guid":{"rendered":""},"modified":"-0001-11-30T00:00:00","modified_gmt":"-0001-11-29T20:00:00","slug":"","status":"publish","type":"post","link":"https:\/\/ucnoqta.az\/?p=77072","title":{"rendered":"Modri\u00e7: <font color=red><b>&#8220;\u0130lk h\u0259y\u0259can z\u0259ngi Az\u0259rbaycanla oyunda \u00e7al\u0131nd\u0131&#8221;<\/b><\/font>"},"content":{"rendered":"<p><strong>Futbol \u00fczr\u0259 Xorvatiya y\u0131\u011fma komandas\u0131n\u0131n kapitan\u0131 Luka Modru\u00e7 Avro-2020 turniri \u00e7\u0259r\u00e7iv\u0259sind\u0259 Macar\u0131stanla oyundan sonra b\u0259yan edib ki, komanda \u0259vv\u0259lki nailiyy\u0259tl\u0259rini unutmal\u0131d\u0131r.\u00a0<\/strong><\/p>\n<p>Bununla ba\u011fl\u0131\u00a0Germanijak.hr\u00a0sayt\u0131 m\u0259lumat yay\u0131b. \u201cS\u0259birli olmaq, c\u0259ld oynamaq laz\u0131md\u0131r. \u00c7ox m\u0259yusuq, bu, bizim \u00fc\u00e7\u00fcn b\u00f6y\u00fck z\u0259rb\u0259dir. \u0130lk h\u0259y\u0259can z\u0259ngi Az\u0259rbaycanla oyunda \u00e7al\u0131nd\u0131, ancaq o zaman biz q\u0259l\u0259b\u0259 qazana bildik. Bu g\u00fcn is\u0259 biz yeni \u015fok ya\u015fad\u0131q. Bu c\u00fcr oynama\u011f\u0131 davam ets\u0259k, bizim Avro-2020-nin final m\u0259rh\u0259l\u0259l\u0259rin\u0259 v\u0259siq\u0259 qazanma\u011f\u0131m\u0131zda ciddi probleml\u0259r olacaq.<\/p>\n<p>Buna g\u00f6r\u0259 \u0259vv\u0259lki nailiyy\u0259tl\u0259rimizi unutmal\u0131y\u0131q. Oyun bel\u0259dir. Sevinm\u0259k v\u0259 bayram etm\u0259k \u00fc\u00e7\u00fcn vaxt\u0131m\u0131z yoxdur. \u018fg\u0259r Avro-2020-y\u0259 d\u00fc\u015fm\u0259s\u0259k, bu, faci\u0259 olacaq\u201d, &#8211; o bildirib. oxu.az<\/p>\n","protected":false},"excerpt":{"rendered":"<p>Futbol \u00fczr\u0259 Xorvatiya y\u0131\u011fma komandas\u0131n\u0131n kapitan\u0131 Luka Modru\u00e7 Avro-2020 turniri \u00e7\u0259r\u00e7iv\u0259sind\u0259 Macar\u0131stanla oyundan sonra b\u0259yan edib ki, komanda \u0259vv\u0259lki nailiyy\u0259tl\u0259rini unutmal\u0131d\u0131r.\u00a0 Bununla ba\u011fl\u0131\u00a0Germanijak.hr\u00a0sayt\u0131 m\u0259lumat yay\u0131b. \u201cS\u0259birli olmaq, c\u0259ld oynamaq laz\u0131md\u0131r.&hellip;<\/p>\n","protected":false},"author":1,"featured_media":251278,"comment_status":"open","ping_status":"open","sticky":false,"template":"","format":"standard","meta":{"_lmt_disableupdate":"","_lmt_disable":"","footnotes":""},"categories":[90],"tags":[],"class_list":["post-77072","post","type-post","status-publish","format-standard","has-post-thumbnail","hentry","category-idman-butun-xeberler"],"_links":{"self":[{"href":"https:\/\/ucnoqta.az\/index.php?rest_route=\/wp\/v2\/posts\/77072","targetHints":{"allow":["GET"]}}],"collection":[{"href":"https:\/\/ucnoqta.az\/index.php?rest_route=\/wp\/v2\/posts"}],"about":[{"href":"https:\/\/ucnoqta.az\/index.php?rest_route=\/wp\/v2\/types\/post"}],"author":[{"embeddable":true,"href":"https:\/\/ucnoqta.az\/index.php?rest_route=\/wp\/v2\/users\/1"}],"replies":[{"embeddable":true,"href":"https:\/\/ucnoqta.az\/index.php?rest_route=%2Fwp%2Fv2%2Fcomments&post=77072"}],"version-history":[{"count":0,"href":"https:\/\/ucnoqta.az\/index.php?rest_route=\/wp\/v2\/posts\/77072\/revisions"}],"wp:featuredmedia":[{"embeddable":true,"href":"https:\/\/ucnoqta.az\/index.php?rest_route=\/wp\/v2\/media\/251278"}],"wp:attachment":[{"href":"https:\/\/ucnoqta.az\/index.php?rest_route=%2Fwp%2Fv2%2Fmedia&parent=77072"}],"wp:term":[{"taxonomy":"category","embeddable":true,"href":"https:\/\/ucnoqta.az\/index.php?rest_route=%2Fwp%2Fv2%2Fcategories&post=77072"},{"taxonomy":"post_tag","embeddable":true,"href":"https:\/\/ucnoqta.az\/index.php?rest_route=%2Fwp%2Fv2%2Ftags&post=77072"}],"curies":[{"name":"wp","href":"https:\/\/api.w.org\/{rel}","templated":true}]}}