{"id":77067,"date":"2019-03-25T09:46:56","date_gmt":"2019-03-25T05:46:56","guid":{"rendered":""},"modified":"-0001-11-30T00:00:00","modified_gmt":"-0001-11-29T20:00:00","slug":"","status":"publish","type":"post","link":"https:\/\/ucnoqta.az\/?p=77067","title":{"rendered":"Tramp T\u00fcrkm\u0259nistan qaz\u0131n\u0131n Az\u0259rbaycan vasit\u0259sil\u0259 Q\u0259rb\u0259 \u00e7atd\u0131ralaca\u011f\u0131na \u00fcmid edir"},"content":{"rendered":"<p>Amerika lideri Donald Tramp \u00fcmid edir ki, T\u00fcrkm\u0259nistan bu yax\u0131nlarda\u00a0X\u0259z\u0259r d\u0259nizinin h\u00fcquqi statusunun m\u00fc\u0259yy\u0259n edilm\u0259sind\u0259n sonra Q\u0259rb\u0259 qaz ixrac\u0131n\u0131n imkanlar\u0131ndan istifad\u0259 etm\u0259y\u0259 ba\u015flayacaq.<\/p>\n<p>\u201cReport\u201d R\u0130A &#8220;Novosti&#8221;y\u0259 istinad\u0259n x\u0259b\u0259r verir ki, bu bar\u0259d\u0259 AB\u015e prezidentinin Novruz bayram\u0131 m\u00fcnasib\u0259ti il\u0259 t\u00fcrkm\u0259nistanl\u0131 h\u0259mkar\u0131 Qurbanqul\u0131 Berdim\u0259h\u0259mm\u0259dova \u00fcnvanlad\u0131\u011f\u0131 teleqramda deyilir. S\u00f6z\u00fcged\u0259n teleqram \u00f6lk\u0259 h\u00f6kum\u0259tinin &#8220;Neytral T\u00fcrkm\u0259nistan&#8221; q\u0259zetind\u0259 d\u0259rc olunub.<\/p>\n<p>&#8220;\u00dcmid edir\u0259m ki, T\u00fcrkm\u0259nistan X\u0259z\u0259rin h\u00fcquqi statusunun m\u00fc\u0259yy\u0259nl\u0259\u015fdirilm\u0259si il\u0259 ba\u011fl\u0131 Q\u0259rb\u0259 yeni qaz ixrac imkanlar\u0131ndan istifad\u0259 ed\u0259 bil\u0259c\u0259k&#8221;, &#8211; dey\u0259 teleqramda bildirilir.<\/p>\n<p>Fevral\u0131n 20-d\u0259 m\u0259lum olub ki, Avropa \u0130ttifaq\u0131 T\u00fcrkm\u0259nistana Avropaya qaz\u0131 Az\u0259rbaycan vasit\u0259si il\u0259 t\u0259dar\u00fck etm\u0259yi t\u0259klif edib. A\u0130-nin B\u00fcdc\u0259 v\u0259 \u0130nsan Resurslar\u0131 Komissiyas\u0131n\u0131n \u00fczv\u00fc G\u00fcnter Ettinger Az\u0259rbaycan\u0131n mavi yanacaq tranziti \u00fc\u00e7\u00fcn infrastruktura malik old\u011funu diqq\u0259t\u0259 \u00e7atd\u0131r\u0131b.<\/p>\n","protected":false},"excerpt":{"rendered":"<p>Amerika lideri Donald Tramp \u00fcmid edir ki, T\u00fcrkm\u0259nistan bu yax\u0131nlarda\u00a0X\u0259z\u0259r d\u0259nizinin h\u00fcquqi statusunun m\u00fc\u0259yy\u0259n edilm\u0259sind\u0259n sonra Q\u0259rb\u0259 qaz ixrac\u0131n\u0131n imkanlar\u0131ndan istifad\u0259 etm\u0259y\u0259 ba\u015flayacaq. \u201cReport\u201d R\u0130A &#8220;Novosti&#8221;y\u0259 istinad\u0259n x\u0259b\u0259r verir ki,&hellip;<\/p>\n","protected":false},"author":1,"featured_media":251278,"comment_status":"open","ping_status":"open","sticky":false,"template":"","format":"standard","meta":{"_lmt_disableupdate":"","_lmt_disable":"","footnotes":""},"categories":[89],"tags":[],"class_list":["post-77067","post","type-post","status-publish","format-standard","has-post-thumbnail","hentry","category-dunya-butun-xeberler"],"_links":{"self":[{"href":"https:\/\/ucnoqta.az\/index.php?rest_route=\/wp\/v2\/posts\/77067","targetHints":{"allow":["GET"]}}],"collection":[{"href":"https:\/\/ucnoqta.az\/index.php?rest_route=\/wp\/v2\/posts"}],"about":[{"href":"https:\/\/ucnoqta.az\/index.php?rest_route=\/wp\/v2\/types\/post"}],"author":[{"embeddable":true,"href":"https:\/\/ucnoqta.az\/index.php?rest_route=\/wp\/v2\/users\/1"}],"replies":[{"embeddable":true,"href":"https:\/\/ucnoqta.az\/index.php?rest_route=%2Fwp%2Fv2%2Fcomments&post=77067"}],"version-history":[{"count":0,"href":"https:\/\/ucnoqta.az\/index.php?rest_route=\/wp\/v2\/posts\/77067\/revisions"}],"wp:featuredmedia":[{"embeddable":true,"href":"https:\/\/ucnoqta.az\/index.php?rest_route=\/wp\/v2\/media\/251278"}],"wp:attachment":[{"href":"https:\/\/ucnoqta.az\/index.php?rest_route=%2Fwp%2Fv2%2Fmedia&parent=77067"}],"wp:term":[{"taxonomy":"category","embeddable":true,"href":"https:\/\/ucnoqta.az\/index.php?rest_route=%2Fwp%2Fv2%2Fcategories&post=77067"},{"taxonomy":"post_tag","embeddable":true,"href":"https:\/\/ucnoqta.az\/index.php?rest_route=%2Fwp%2Fv2%2Ftags&post=77067"}],"curies":[{"name":"wp","href":"https:\/\/api.w.org\/{rel}","templated":true}]}}