{"id":77046,"date":"2019-03-23T21:45:56","date_gmt":"2019-03-23T17:45:56","guid":{"rendered":""},"modified":"-0001-11-30T00:00:00","modified_gmt":"-0001-11-29T20:00:00","slug":"","status":"publish","type":"post","link":"https:\/\/ucnoqta.az\/?p=77046","title":{"rendered":"Ayd\u0131n X\u0131rdalanl\u0131 v\u0259fat etdi"},"content":{"rendered":"<p><strong>Uzun m&uuml;dd\u0259tdir a\u011f\u0131r x\u0259st\u0259likd\u0259n \u0259ziyy\u0259t &ccedil;\u0259k\u0259n meyxana ustas\u0131 Ayd\u0131n X\u0131rdalanl\u0131 v\u0259fat edib.<\/strong><\/p>\n<p>Bu bar\u0259d\u0259 meyxana&ccedil;\u0131n\u0131n h\u0259mkar\u0131 Namiq Qara&ccedil;uxurlu instagram hesab\u0131nda yaz\u0131b:<br \/>\n&ldquo;\u0130ndic\u0259 ald\u0131\u011f\u0131m m\u0259lumata g&ouml;r\u0259, meyxana s\u0259n\u0259ti daha bir s\u0259n\u0259tkar\u0131n\u0131 itirdi. Bayaqdan \u0259lim-aya\u011f\u0131m \u0259sir. Arzum vard\u0131 ki, s&ouml;z xiridar\u0131 &uuml;&ccedil;&uuml;n yeni deyi\u015fm\u0259 haz\u0131rlayaq. &Ccedil;ox dar\u0131xm\u0131\u015fd\u0131m onunla meyxana dem\u0259k &uuml;&ccedil;&uuml;n. Allah s\u0259n\u0259 r\u0259hm\u0259t el\u0259sin Ayd\u0131n. Ka\u015f bu x\u0259b\u0259r yalan olsun&rdquo;.<\/p>\n<p>***<\/p>\n<p>Meyxana&ccedil;\u0131n\u0131n qarda\u015f\u0131 Heyb\u0259t &ldquo;Qafqazinfo&rdquo;ya a&ccedil;\u0131qlamas\u0131nda fakt\u0131 bir daha t\u0259sdiql\u0259yib. O bildirib ki, a\u011fciy\u0259rind\u0259 g&uuml;cl&uuml; soyuqd\u0259ym\u0259si olan qarda\u015f\u0131 3 g&uuml;n idi ki, yataqdan durmurdu, v\u0259ziyy\u0259ti a\u011f\u0131r idi.&nbsp;<\/p>\n<p>Yas m\u0259rasimi sabah saat 14:00-da X\u0131rdalanda olacaq. Ail\u0259si he&ccedil; bir media orqan\u0131n\u0131n d\u0259fnd\u0259 i\u015ftirak etm\u0259sini ist\u0259mir.<\/p>\n","protected":false},"excerpt":{"rendered":"<p>Uzun m&uuml;dd\u0259tdir a\u011f\u0131r x\u0259st\u0259likd\u0259n \u0259ziyy\u0259t &ccedil;\u0259k\u0259n meyxana ustas\u0131 Ayd\u0131n X\u0131rdalanl\u0131 v\u0259fat edib. Bu bar\u0259d\u0259 meyxana&ccedil;\u0131n\u0131n h\u0259mkar\u0131 Namiq Qara&ccedil;uxurlu instagram hesab\u0131nda yaz\u0131b: &ldquo;\u0130ndic\u0259 ald\u0131\u011f\u0131m m\u0259lumata g&ouml;r\u0259, meyxana s\u0259n\u0259ti daha bir s\u0259n\u0259tkar\u0131n\u0131&hellip;<\/p>\n","protected":false},"author":1,"featured_media":251278,"comment_status":"open","ping_status":"open","sticky":false,"template":"","format":"standard","meta":{"_lmt_disableupdate":"","_lmt_disable":"","footnotes":""},"categories":[],"tags":[],"class_list":["post-77046","post","type-post","status-publish","format-standard","has-post-thumbnail","hentry"],"_links":{"self":[{"href":"https:\/\/ucnoqta.az\/index.php?rest_route=\/wp\/v2\/posts\/77046","targetHints":{"allow":["GET"]}}],"collection":[{"href":"https:\/\/ucnoqta.az\/index.php?rest_route=\/wp\/v2\/posts"}],"about":[{"href":"https:\/\/ucnoqta.az\/index.php?rest_route=\/wp\/v2\/types\/post"}],"author":[{"embeddable":true,"href":"https:\/\/ucnoqta.az\/index.php?rest_route=\/wp\/v2\/users\/1"}],"replies":[{"embeddable":true,"href":"https:\/\/ucnoqta.az\/index.php?rest_route=%2Fwp%2Fv2%2Fcomments&post=77046"}],"version-history":[{"count":0,"href":"https:\/\/ucnoqta.az\/index.php?rest_route=\/wp\/v2\/posts\/77046\/revisions"}],"wp:featuredmedia":[{"embeddable":true,"href":"https:\/\/ucnoqta.az\/index.php?rest_route=\/wp\/v2\/media\/251278"}],"wp:attachment":[{"href":"https:\/\/ucnoqta.az\/index.php?rest_route=%2Fwp%2Fv2%2Fmedia&parent=77046"}],"wp:term":[{"taxonomy":"category","embeddable":true,"href":"https:\/\/ucnoqta.az\/index.php?rest_route=%2Fwp%2Fv2%2Fcategories&post=77046"},{"taxonomy":"post_tag","embeddable":true,"href":"https:\/\/ucnoqta.az\/index.php?rest_route=%2Fwp%2Fv2%2Ftags&post=77046"}],"curies":[{"name":"wp","href":"https:\/\/api.w.org\/{rel}","templated":true}]}}