{"id":77045,"date":"2019-03-23T18:28:48","date_gmt":"2019-03-23T14:28:48","guid":{"rendered":""},"modified":"-0001-11-30T00:00:00","modified_gmt":"-0001-11-29T20:00:00","slug":"","status":"publish","type":"post","link":"https:\/\/ucnoqta.az\/?p=77045","title":{"rendered":"Elmar M\u0259mm\u0259dyarov\u00a0Uruqvay parlamentind\u0259 g\u00f6r\u00fc\u015fl\u0259r ke\u00e7irib"},"content":{"rendered":"<p><strong>Az\u0259rbaycan Respublikas\u0131n\u0131n xarici i\u015fl\u0259r naziri&nbsp;Elmar M\u0259mm\u0259dyarov&nbsp;Uruqvay parlamentind\u0259 g&ouml;r&uuml;\u015fl\u0259r ke&ccedil;irib.&nbsp; <\/strong><\/p>\n<p>X\u0130N-in m\u0259tbuat xidm\u0259tind\u0259n&nbsp;Ucnoqta.az-a veril\u0259n m\u0259lumata g&ouml;r\u0259, E. M\u0259mm\u0259dyarov Uruqvay \u015e\u0259rq Respublikas\u0131n\u0131n vitse-prezidenti, eyni zamanda Senat\u0131n s\u0259dri&nbsp;Lusia Topolanski, sonra is\u0259 N&uuml;may\u0259nd\u0259l\u0259r Palatas\u0131n\u0131n s\u0259dri&nbsp;Sesilia Bottino&nbsp;il\u0259 g&ouml;r&uuml;\u015f&uuml;b.&nbsp; G&ouml;r&uuml;\u015fl\u0259rd\u0259 &ouml;lk\u0259l\u0259rimiz aras\u0131nda ikit\u0259r\u0259fli m&uuml;nasib\u0259tl\u0259rin intensivl\u0259\u015fm\u0259si, x&uuml;susil\u0259 parlament diplomatiyas\u0131n\u0131n rolu y&uuml;ks\u0259k qiym\u0259tl\u0259ndirilib. Bu kontekstd\u0259 h\u0259r iki &ouml;lk\u0259nin parlamentl\u0259rind\u0259 f\u0259aliyy\u0259t g&ouml;st\u0259r\u0259n dostluq qruplar\u0131n\u0131n qar\u015f\u0131l\u0131ql\u0131 s\u0259f\u0259rl\u0259rinin ikit\u0259r\u0259fli \u0259laq\u0259l\u0259r\u0259 &ouml;n\u0259mli t&ouml;hf\u0259 verdiyi qeyd olunub. &nbsp; \u0130ki &ouml;lk\u0259 aras\u0131nda siyasi sah\u0259d\u0259 \u0259m\u0259kda\u015fl\u0131\u011f\u0131n y&uuml;ks\u0259l\u0259n x\u0259tt &uuml;zr\u0259 inki\u015faf etm\u0259sind\u0259n m\u0259mnunluq ifad\u0259 edil\u0259r\u0259k, bu \u0259m\u0259kda\u015fl\u0131\u011f\u0131n iqtisadi, enerji, n\u0259qliyyat v\u0259 k\u0259nd t\u0259s\u0259rr&uuml;fat\u0131 istiqam\u0259tl\u0259rini \u0259hat\u0259 etm\u0259sinin \u0259h\u0259miyy\u0259ti vur\u011fulan\u0131b. Bu kontekstd\u0259 Uruqvay\u0131n Az\u0259rbaycan neftini idxal etm\u0259y\u0259 ba\u015flamas\u0131n\u0131n t\u0259qdir\u0259layiq hal oldu\u011fu x&uuml;susi qeyd edilib. &nbsp;<\/p>\n<p>G&ouml;r&uuml;\u015f zaman\u0131 Elmar M\u0259mm\u0259dyarov Erm\u0259nistan-Az\u0259rbaycan Da\u011fl\u0131q Qaraba\u011f m&uuml;naqi\u015f\u0259si v\u0259 m&uuml;naqi\u015f\u0259nin h\u0259lli &uuml;zr\u0259 dan\u0131\u015f\u0131qlar prosesinin cari v\u0259ziyy\u0259ti haqq\u0131nda m\u0259lumat ver\u0259r\u0259k, m&uuml;xt\u0259lif &ouml;lk\u0259l\u0259rd\u0259ki erm\u0259ni icmas\u0131n\u0131n n&uuml;may\u0259nd\u0259l\u0259rinin t\u0259xribat&ccedil;\u0131 f\u0259aliyy\u0259tinin m&uuml;naqi\u015f\u0259nin s&uuml;lh yolu il\u0259 h\u0259llin\u0259 m\u0259nfi t\u0259sir g&ouml;st\u0259rdiyini bildirib. Dig\u0259r t\u0259r\u0259fd\u0259n, bu icma n&uuml;may\u0259nd\u0259l\u0259rinin v\u0259t\u0259nda\u015f\u0131 olduqlar\u0131 &ouml;lk\u0259l\u0259rin deyil, i\u015f\u011fal&ccedil;\u0131 Erm\u0259nistan d&ouml;vl\u0259tinin maraqlar\u0131ndan &ccedil;\u0131x\u0131\u015f etm\u0259sinin anla\u015f\u0131lan olmad\u0131\u011f\u0131 vur\u011fulan\u0131b. &nbsp;<\/p>\n<p>Uruqvay parlamentinin r\u0259hb\u0259r v\u0259zif\u0259li \u015f\u0259xsl\u0259ri m&uuml;naqi\u015f\u0259 il\u0259 ba\u011fl\u0131 Az\u0259rbaycan\u0131n m&ouml;vqeyini anlad\u0131qlar\u0131n\u0131 v\u0259 m&uuml;naqi\u015f\u0259l\u0259rin beyn\u0259lxalq h&uuml;quq &ccedil;\u0259r&ccedil;iv\u0259sind\u0259 h\u0259llin\u0259 t\u0259r\u0259fdar olduqlar\u0131n\u0131 bildiribl\u0259r.<\/p>\n","protected":false},"excerpt":{"rendered":"<p>Az\u0259rbaycan Respublikas\u0131n\u0131n xarici i\u015fl\u0259r naziri&nbsp;Elmar M\u0259mm\u0259dyarov&nbsp;Uruqvay parlamentind\u0259 g&ouml;r&uuml;\u015fl\u0259r ke&ccedil;irib.&nbsp; X\u0130N-in m\u0259tbuat xidm\u0259tind\u0259n&nbsp;Ucnoqta.az-a veril\u0259n m\u0259lumata g&ouml;r\u0259, E. M\u0259mm\u0259dyarov Uruqvay \u015e\u0259rq Respublikas\u0131n\u0131n vitse-prezidenti, eyni zamanda Senat\u0131n s\u0259dri&nbsp;Lusia Topolanski, sonra is\u0259 N&uuml;may\u0259nd\u0259l\u0259r Palatas\u0131n\u0131n&hellip;<\/p>\n","protected":false},"author":1,"featured_media":251278,"comment_status":"open","ping_status":"open","sticky":false,"template":"","format":"standard","meta":{"_lmt_disableupdate":"","_lmt_disable":"","footnotes":""},"categories":[86],"tags":[],"class_list":["post-77045","post","type-post","status-publish","format-standard","has-post-thumbnail","hentry","category-siyaset"],"_links":{"self":[{"href":"https:\/\/ucnoqta.az\/index.php?rest_route=\/wp\/v2\/posts\/77045","targetHints":{"allow":["GET"]}}],"collection":[{"href":"https:\/\/ucnoqta.az\/index.php?rest_route=\/wp\/v2\/posts"}],"about":[{"href":"https:\/\/ucnoqta.az\/index.php?rest_route=\/wp\/v2\/types\/post"}],"author":[{"embeddable":true,"href":"https:\/\/ucnoqta.az\/index.php?rest_route=\/wp\/v2\/users\/1"}],"replies":[{"embeddable":true,"href":"https:\/\/ucnoqta.az\/index.php?rest_route=%2Fwp%2Fv2%2Fcomments&post=77045"}],"version-history":[{"count":0,"href":"https:\/\/ucnoqta.az\/index.php?rest_route=\/wp\/v2\/posts\/77045\/revisions"}],"wp:featuredmedia":[{"embeddable":true,"href":"https:\/\/ucnoqta.az\/index.php?rest_route=\/wp\/v2\/media\/251278"}],"wp:attachment":[{"href":"https:\/\/ucnoqta.az\/index.php?rest_route=%2Fwp%2Fv2%2Fmedia&parent=77045"}],"wp:term":[{"taxonomy":"category","embeddable":true,"href":"https:\/\/ucnoqta.az\/index.php?rest_route=%2Fwp%2Fv2%2Fcategories&post=77045"},{"taxonomy":"post_tag","embeddable":true,"href":"https:\/\/ucnoqta.az\/index.php?rest_route=%2Fwp%2Fv2%2Ftags&post=77045"}],"curies":[{"name":"wp","href":"https:\/\/api.w.org\/{rel}","templated":true}]}}