{"id":77043,"date":"2019-03-23T16:34:36","date_gmt":"2019-03-23T12:34:36","guid":{"rendered":""},"modified":"-0001-11-30T00:00:00","modified_gmt":"-0001-11-29T20:00:00","slug":"","status":"publish","type":"post","link":"https:\/\/ucnoqta.az\/?p=77043","title":{"rendered":"Moskva g\u00f6z\u0259linin tac\u0131 \u0259lind\u0259n al\u0131nd\u0131"},"content":{"rendered":"<p>\u201cMiss Moskva 2018\u201d g\u00f6z\u0259linin tac\u0131 \u0259lind\u0259n al\u0131n\u0131b.<\/p>\n<p>&#8220;Qafqazinfo&#8221; xarici K\u0130V-\u0259 istinad\u0259n x\u0259b\u0259r verir ki, buna s\u0259b\u0259b m\u00fcsabiq\u0259d\u0259 birinci olan Alesya Semerenkonun imzalanm\u0131\u015f protokolun madd\u0259l\u0259rini yerin\u0259 yetirm\u0259m\u0259si olub. Bel\u0259 ki, o, m\u00fcsabiq\u0259 bitdikd\u0259n sonra bir \u00e7ox xeyriyy\u0259 gec\u0259l\u0259rind\u0259 i\u015ftirak etm\u0259li olsa da, he\u00e7 birin\u0259 qat\u0131lmay\u0131b. M\u00fcsabiq\u0259nin s\u00f6z\u00e7\u00fcs\u00fc Tatyana Andreyova a\u00e7\u0131qlamas\u0131nda bildirib ki, Alesya h\u0259r d\u0259f\u0259 x\u0259st\u0259 oldu\u011funu des\u0259 d\u0259, \u0130nstaqram payla\u015f\u0131mlar\u0131 onu \u0259l\u0259 verib:<\/p>\n<p>&#8220;M\u00fcsabiq\u0259 3 ayd\u0131r ki, bitib v\u0259 biz onunla \u0259laq\u0259 saxlaya bilmirik. Tac\u0131 zorla ald\u0131q. \u018ffsuslar olsun ki, o da pis v\u0259ziyy\u0259td\u0259 idi. Bu, g\u00fcm\u00fc\u015f v\u0259 q\u0131z\u0131l i\u015fl\u0259m\u0259li d\u0259y\u0259rli tacd\u0131r. Q\u0131r\u0131b, t\u0259mir etdirm\u0259k laz\u0131md\u0131r&#8221;. Tac ikinci g\u00f6z\u0259l Kseniya Palenovaya verilib.<\/p>\n<p>Qeyd ed\u0259k ki, m\u00fcsabiq\u0259 Rusiyada 25 ildir ke\u00e7irils\u0259 d\u0259, bu kimi hadis\u0259 ilk d\u0259f\u0259 ya\u015fan\u0131b.<\/p>\n","protected":false},"excerpt":{"rendered":"<p>\u201cMiss Moskva 2018\u201d g\u00f6z\u0259linin tac\u0131 \u0259lind\u0259n al\u0131n\u0131b. &#8220;Qafqazinfo&#8221; xarici K\u0130V-\u0259 istinad\u0259n x\u0259b\u0259r verir ki, buna s\u0259b\u0259b m\u00fcsabiq\u0259d\u0259 birinci olan Alesya Semerenkonun imzalanm\u0131\u015f protokolun madd\u0259l\u0259rini yerin\u0259 yetirm\u0259m\u0259si olub. Bel\u0259 ki, o,&hellip;<\/p>\n","protected":false},"author":1,"featured_media":251278,"comment_status":"open","ping_status":"open","sticky":false,"template":"","format":"standard","meta":{"_lmt_disableupdate":"","_lmt_disable":"","footnotes":""},"categories":[92],"tags":[],"class_list":["post-77043","post","type-post","status-publish","format-standard","has-post-thumbnail","hentry","category-maqazin"],"_links":{"self":[{"href":"https:\/\/ucnoqta.az\/index.php?rest_route=\/wp\/v2\/posts\/77043","targetHints":{"allow":["GET"]}}],"collection":[{"href":"https:\/\/ucnoqta.az\/index.php?rest_route=\/wp\/v2\/posts"}],"about":[{"href":"https:\/\/ucnoqta.az\/index.php?rest_route=\/wp\/v2\/types\/post"}],"author":[{"embeddable":true,"href":"https:\/\/ucnoqta.az\/index.php?rest_route=\/wp\/v2\/users\/1"}],"replies":[{"embeddable":true,"href":"https:\/\/ucnoqta.az\/index.php?rest_route=%2Fwp%2Fv2%2Fcomments&post=77043"}],"version-history":[{"count":0,"href":"https:\/\/ucnoqta.az\/index.php?rest_route=\/wp\/v2\/posts\/77043\/revisions"}],"wp:featuredmedia":[{"embeddable":true,"href":"https:\/\/ucnoqta.az\/index.php?rest_route=\/wp\/v2\/media\/251278"}],"wp:attachment":[{"href":"https:\/\/ucnoqta.az\/index.php?rest_route=%2Fwp%2Fv2%2Fmedia&parent=77043"}],"wp:term":[{"taxonomy":"category","embeddable":true,"href":"https:\/\/ucnoqta.az\/index.php?rest_route=%2Fwp%2Fv2%2Fcategories&post=77043"},{"taxonomy":"post_tag","embeddable":true,"href":"https:\/\/ucnoqta.az\/index.php?rest_route=%2Fwp%2Fv2%2Ftags&post=77043"}],"curies":[{"name":"wp","href":"https:\/\/api.w.org\/{rel}","templated":true}]}}