{"id":77040,"date":"2019-03-23T14:01:39","date_gmt":"2019-03-23T10:01:39","guid":{"rendered":""},"modified":"-0001-11-30T00:00:00","modified_gmt":"-0001-11-29T20:00:00","slug":"","status":"publish","type":"post","link":"https:\/\/ucnoqta.az\/?p=77040","title":{"rendered":"Bu yolda h\u0259r\u0259k\u0259t m\u0259hdudla\u015fd\u0131r\u0131lacaq"},"content":{"rendered":"<p>Bil\u0259c\u0259rid\u0259 yollardan birind\u0259 h\u0259r\u0259k\u0259t m\u0259hdudla\u015fd\u0131r\u0131l\u0131b.<\/p>\n<p>Az\u0259rbaycan Avtomobil Yollar\u0131 D\u00f6vl\u0259t Agentliyinin \u0130ctimaiyy\u0259tl\u0259 \u0259laq\u0259l\u0259r \u015f\u00f6b\u0259sind\u0259n Trend-\u0259 veril\u0259n m\u0259lumata g\u00f6r\u0259, apar\u0131lan t\u0259mir-tikinti i\u015fl\u0259ri il\u0259 \u0259laq\u0259dar olaraq mart ay\u0131n\u0131n 23-\u00fc s\u0259h\u0259r saatlar\u0131ndan Bin\u0259q\u0259di rayonu, Bil\u0259c\u0259ri q\u0259s\u0259b\u0259si Ordubadi k\u00fc\u00e7\u0259si il\u0259 avton\u0259qliyyat vasit\u0259l\u0259rinin h\u0259r\u0259k\u0259ti m\u0259hdudla\u015fd\u0131r\u0131l\u0131b. M\u0259hdudla\u015fma sabah g\u00fcn \u0259rzind\u0259 aradan qald\u0131r\u0131lacaq.<\/p>\n<p>N\u0259qliyyat s\u0131xl\u0131\u011f\u0131n\u0131n yaranmamas\u0131 \u00fc\u00e7\u00fcn s\u00fcr\u00fcc\u00fcl\u0259rd\u0259n \u00f6nc\u0259d\u0259n h\u0259r\u0259k\u0259t istiqam\u0259tl\u0259rin\u0259 uy\u011fun alternativ yollardan istifad\u0259 etm\u0259l\u0259ri t\u00f6vsiy\u0259 olunur.<\/p>\n<p>Yarana bil\u0259c\u0259k m\u00fcv\u0259qq\u0259ti narahatl\u0131\u011fa g\u00f6r\u0259 Az\u0259rbaycan Avtomobil Yollar\u0131 D\u00f6vl\u0259t Agentliyi v\u0259t\u0259nda\u015flardan \u00fczr ist\u0259yir v\u0259 apar\u0131lan i\u015fl\u0259r\u0259 anlay\u0131\u015fla yana\u015fmalar\u0131n\u0131 xahi\u015f edir.<\/p>\n","protected":false},"excerpt":{"rendered":"<p>Bil\u0259c\u0259rid\u0259 yollardan birind\u0259 h\u0259r\u0259k\u0259t m\u0259hdudla\u015fd\u0131r\u0131l\u0131b. Az\u0259rbaycan Avtomobil Yollar\u0131 D\u00f6vl\u0259t Agentliyinin \u0130ctimaiyy\u0259tl\u0259 \u0259laq\u0259l\u0259r \u015f\u00f6b\u0259sind\u0259n Trend-\u0259 veril\u0259n m\u0259lumata g\u00f6r\u0259, apar\u0131lan t\u0259mir-tikinti i\u015fl\u0259ri il\u0259 \u0259laq\u0259dar olaraq mart ay\u0131n\u0131n 23-\u00fc s\u0259h\u0259r saatlar\u0131ndan Bin\u0259q\u0259di rayonu,&hellip;<\/p>\n","protected":false},"author":1,"featured_media":251278,"comment_status":"open","ping_status":"open","sticky":false,"template":"","format":"standard","meta":{"_lmt_disableupdate":"","_lmt_disable":"","footnotes":""},"categories":[],"tags":[],"class_list":["post-77040","post","type-post","status-publish","format-standard","has-post-thumbnail","hentry"],"_links":{"self":[{"href":"https:\/\/ucnoqta.az\/index.php?rest_route=\/wp\/v2\/posts\/77040","targetHints":{"allow":["GET"]}}],"collection":[{"href":"https:\/\/ucnoqta.az\/index.php?rest_route=\/wp\/v2\/posts"}],"about":[{"href":"https:\/\/ucnoqta.az\/index.php?rest_route=\/wp\/v2\/types\/post"}],"author":[{"embeddable":true,"href":"https:\/\/ucnoqta.az\/index.php?rest_route=\/wp\/v2\/users\/1"}],"replies":[{"embeddable":true,"href":"https:\/\/ucnoqta.az\/index.php?rest_route=%2Fwp%2Fv2%2Fcomments&post=77040"}],"version-history":[{"count":0,"href":"https:\/\/ucnoqta.az\/index.php?rest_route=\/wp\/v2\/posts\/77040\/revisions"}],"wp:featuredmedia":[{"embeddable":true,"href":"https:\/\/ucnoqta.az\/index.php?rest_route=\/wp\/v2\/media\/251278"}],"wp:attachment":[{"href":"https:\/\/ucnoqta.az\/index.php?rest_route=%2Fwp%2Fv2%2Fmedia&parent=77040"}],"wp:term":[{"taxonomy":"category","embeddable":true,"href":"https:\/\/ucnoqta.az\/index.php?rest_route=%2Fwp%2Fv2%2Fcategories&post=77040"},{"taxonomy":"post_tag","embeddable":true,"href":"https:\/\/ucnoqta.az\/index.php?rest_route=%2Fwp%2Fv2%2Ftags&post=77040"}],"curies":[{"name":"wp","href":"https:\/\/api.w.org\/{rel}","templated":true}]}}