{"id":77037,"date":"2019-03-23T11:56:41","date_gmt":"2019-03-23T07:56:41","guid":{"rendered":""},"modified":"-0001-11-30T00:00:00","modified_gmt":"-0001-11-29T20:00:00","slug":"","status":"publish","type":"post","link":"https:\/\/ucnoqta.az\/?p=77037","title":{"rendered":"<font color=red><b>Astana Nur-Sultan oldu<\/b><\/font>&#8211; Tokayev konstitusiyaya d\u0259yi\u015fikliyi imzalay\u0131b"},"content":{"rendered":"<p>Qazax\u0131stan\u0131n yeni Prezidenti Kas\u0131m-Jomart Tokayev paytaxt\u0131n ad\u0131n\u0131n d\u0259yi\u015fdirilm\u0259si bar\u0259d\u0259 konstitusiyaya d\u0259yi\u015fikliyi imzalay\u0131b.<\/p>\n<p>D\u00f6vl\u0259t ba\u015f\u00e7\u0131s\u0131n\u0131n imzalad\u0131\u011f\u0131 qanunda deyilir: &#8220;Qazax\u0131stan Respublikas\u0131n\u0131n paytaxt\u0131 Astana \u015f\u0259h\u0259ri Nur-Sultan \u015f\u0259h\u0259ri adland\u0131r\u0131ls\u0131n&#8221;.<\/p>\n<p>Qeyd ed\u0259k ki, bundan \u0259vv\u0259l K.Tokayev paytaxt\u0131n ad\u0131n\u0131n mart\u0131n 19-da istefa ver\u0259n \u00f6lk\u0259nin ilk Prezidenti Nursultan Nazarbayevin \u015f\u0259r\u0259fin\u0259 adland\u0131r\u0131lmas\u0131n\u0131 t\u0259klif etmi\u015fdi. Mart\u0131n 20-d\u0259 parlametin deputatlar\u0131 konstitusiyaya m\u00fcvafiq d\u0259yi\u015fikliyi q\u0259bul edibl\u0259r. D\u0259yi\u015fikliyin q\u00fcvv\u0259y\u0259 minm\u0259si \u00fc\u00e7\u00fcn d\u00f6vl\u0259t ba\u015f\u00e7\u0131s\u0131n\u0131n qanunu imzalamas\u0131 laz\u0131m idi.<\/p>\n<p>Xat\u0131rladaq ki, Astana \u015f\u0259h\u0259rinin ad\u0131 1961-ci il\u0259d\u0259k Akmolinsk, 1961-1992-ci ill\u0259rd\u0259 Tselinoqrad, 1992-1997-ci ill\u0259rd\u0259 is\u0259 Akmola olub. \u015e\u0259h\u0259r\u0259 Astana ad\u0131 (m\u0259nas\u0131 &#8220;paytaxt&#8221;) 1998-ci ild\u0259 Qazax\u0131stan paytaxt\u0131 statusu alanda verilib.<br \/>\nTrend<\/p>\n","protected":false},"excerpt":{"rendered":"<p>Qazax\u0131stan\u0131n yeni Prezidenti Kas\u0131m-Jomart Tokayev paytaxt\u0131n ad\u0131n\u0131n d\u0259yi\u015fdirilm\u0259si bar\u0259d\u0259 konstitusiyaya d\u0259yi\u015fikliyi imzalay\u0131b. D\u00f6vl\u0259t ba\u015f\u00e7\u0131s\u0131n\u0131n imzalad\u0131\u011f\u0131 qanunda deyilir: &#8220;Qazax\u0131stan Respublikas\u0131n\u0131n paytaxt\u0131 Astana \u015f\u0259h\u0259ri Nur-Sultan \u015f\u0259h\u0259ri adland\u0131r\u0131ls\u0131n&#8221;. Qeyd ed\u0259k ki, bundan \u0259vv\u0259l&hellip;<\/p>\n","protected":false},"author":1,"featured_media":251278,"comment_status":"open","ping_status":"open","sticky":false,"template":"","format":"standard","meta":{"_lmt_disableupdate":"","_lmt_disable":"","footnotes":""},"categories":[],"tags":[],"class_list":["post-77037","post","type-post","status-publish","format-standard","has-post-thumbnail","hentry"],"_links":{"self":[{"href":"https:\/\/ucnoqta.az\/index.php?rest_route=\/wp\/v2\/posts\/77037","targetHints":{"allow":["GET"]}}],"collection":[{"href":"https:\/\/ucnoqta.az\/index.php?rest_route=\/wp\/v2\/posts"}],"about":[{"href":"https:\/\/ucnoqta.az\/index.php?rest_route=\/wp\/v2\/types\/post"}],"author":[{"embeddable":true,"href":"https:\/\/ucnoqta.az\/index.php?rest_route=\/wp\/v2\/users\/1"}],"replies":[{"embeddable":true,"href":"https:\/\/ucnoqta.az\/index.php?rest_route=%2Fwp%2Fv2%2Fcomments&post=77037"}],"version-history":[{"count":0,"href":"https:\/\/ucnoqta.az\/index.php?rest_route=\/wp\/v2\/posts\/77037\/revisions"}],"wp:featuredmedia":[{"embeddable":true,"href":"https:\/\/ucnoqta.az\/index.php?rest_route=\/wp\/v2\/media\/251278"}],"wp:attachment":[{"href":"https:\/\/ucnoqta.az\/index.php?rest_route=%2Fwp%2Fv2%2Fmedia&parent=77037"}],"wp:term":[{"taxonomy":"category","embeddable":true,"href":"https:\/\/ucnoqta.az\/index.php?rest_route=%2Fwp%2Fv2%2Fcategories&post=77037"},{"taxonomy":"post_tag","embeddable":true,"href":"https:\/\/ucnoqta.az\/index.php?rest_route=%2Fwp%2Fv2%2Ftags&post=77037"}],"curies":[{"name":"wp","href":"https:\/\/api.w.org\/{rel}","templated":true}]}}