{"id":77025,"date":"2019-03-22T23:11:03","date_gmt":"2019-03-22T19:11:03","guid":{"rendered":""},"modified":"-0001-11-30T00:00:00","modified_gmt":"-0001-11-29T20:00:00","slug":"","status":"publish","type":"post","link":"https:\/\/ucnoqta.az\/?p=77025","title":{"rendered":"A\u0130 r\u0259smisi: \u201cAvropa \u0130ttifaq\u0131n\u0131n Qolan t\u0259p\u0259l\u0259ri il\u0259 ba\u011fl\u0131 m\u00f6vqeyi d\u0259yi\u015fm\u0259yib&#8221;"},"content":{"rendered":"<p><strong>A\u0130 Qolan t\u0259p\u0259l\u0259rini \u0130srail torpaqlar\u0131 kimi tan\u0131mad\u0131<\/strong><\/p>\n<p>&nbsp;Avropa \u0130ttifaq\u0131n\u0131n&nbsp;s&ouml;zc&uuml;s&uuml; Maya Kosiyanov&ccedil;i&ccedil; Qolan t\u0259p\u0259l\u0259rind\u0259 \u0130srailin suverenliyini tan\u0131mayacaqlar\u0131n\u0131 bildirib: &ldquo;Avropa \u0130ttifaq\u0131n\u0131n m&ouml;vqeyi d\u0259yi\u015fm\u0259yib. Beyn\u0259lxalq h&uuml;quqa uy\u011fun olaraq Qolan t\u0259p\u0259l\u0259ri d\u0259 daxil olmaqla \u0130srailin 1967-ci ild\u0259n bu yana i\u015f\u011fal alt\u0131nda saxlad\u0131\u011f\u0131 b&ouml;lg\u0259l\u0259rd\u0259 suverenliyini tan\u0131m\u0131r\u0131q v\u0259 oralar\u0131 \u0130srail torpaqlar\u0131 hesab etmirik&rdquo;.<\/p>\n<p>Lenta.ru-nun x\u0259b\u0259rin\u0259 g&ouml;r\u0259, bu b\u0259yanat AB\u015e prezidenti Donald Tramp\u0131n mart\u0131n 21-d\u0259 \u0130srailin i\u015f\u011fal\u0131 alt\u0131ndak\u0131 Qolan t\u0259p\u0259l\u0259rind\u0259 \u0130srailin m&uuml;tl\u0259q hakimiyy\u0259tini tan\u0131ma\u011f\u0131n vaxt\u0131n\u0131n &ccedil;atd\u0131\u011f\u0131n\u0131 bildirm\u0259sind\u0259n sonra s\u0259sl\u0259nib.<br \/>\nRusiya X\u0130N-in r\u0259smisi Mariya Zaxarova da Moskvan\u0131n \u0130srailin bu torpaqlarda suverenliyini tan\u0131mad\u0131\u011f\u0131n\u0131 bildirib.<\/p>\n<p>Qeyd ed\u0259k ki, 1944-c&uuml; il\u0259 q\u0259d\u0259r Suriya torpaqlar\u0131 olan Qolan t\u0259p\u0259l\u0259ri 1967-ci ild\u0259 6 g&uuml;nl&uuml;k m&uuml;harib\u0259 n\u0259tic\u0259sind\u0259 \u0130srail t\u0259r\u0259find\u0259n i\u015f\u011fal edilib.<\/p>\n","protected":false},"excerpt":{"rendered":"<p>A\u0130 Qolan t\u0259p\u0259l\u0259rini \u0130srail torpaqlar\u0131 kimi tan\u0131mad\u0131 &nbsp;Avropa \u0130ttifaq\u0131n\u0131n&nbsp;s&ouml;zc&uuml;s&uuml; Maya Kosiyanov&ccedil;i&ccedil; Qolan t\u0259p\u0259l\u0259rind\u0259 \u0130srailin suverenliyini tan\u0131mayacaqlar\u0131n\u0131 bildirib: &ldquo;Avropa \u0130ttifaq\u0131n\u0131n m&ouml;vqeyi d\u0259yi\u015fm\u0259yib. Beyn\u0259lxalq h&uuml;quqa uy\u011fun olaraq Qolan t\u0259p\u0259l\u0259ri d\u0259 daxil olmaqla&hellip;<\/p>\n","protected":false},"author":1,"featured_media":251278,"comment_status":"open","ping_status":"open","sticky":false,"template":"","format":"standard","meta":{"_lmt_disableupdate":"","_lmt_disable":"","footnotes":""},"categories":[89],"tags":[],"class_list":["post-77025","post","type-post","status-publish","format-standard","has-post-thumbnail","hentry","category-dunya-butun-xeberler"],"_links":{"self":[{"href":"https:\/\/ucnoqta.az\/index.php?rest_route=\/wp\/v2\/posts\/77025","targetHints":{"allow":["GET"]}}],"collection":[{"href":"https:\/\/ucnoqta.az\/index.php?rest_route=\/wp\/v2\/posts"}],"about":[{"href":"https:\/\/ucnoqta.az\/index.php?rest_route=\/wp\/v2\/types\/post"}],"author":[{"embeddable":true,"href":"https:\/\/ucnoqta.az\/index.php?rest_route=\/wp\/v2\/users\/1"}],"replies":[{"embeddable":true,"href":"https:\/\/ucnoqta.az\/index.php?rest_route=%2Fwp%2Fv2%2Fcomments&post=77025"}],"version-history":[{"count":0,"href":"https:\/\/ucnoqta.az\/index.php?rest_route=\/wp\/v2\/posts\/77025\/revisions"}],"wp:featuredmedia":[{"embeddable":true,"href":"https:\/\/ucnoqta.az\/index.php?rest_route=\/wp\/v2\/media\/251278"}],"wp:attachment":[{"href":"https:\/\/ucnoqta.az\/index.php?rest_route=%2Fwp%2Fv2%2Fmedia&parent=77025"}],"wp:term":[{"taxonomy":"category","embeddable":true,"href":"https:\/\/ucnoqta.az\/index.php?rest_route=%2Fwp%2Fv2%2Fcategories&post=77025"},{"taxonomy":"post_tag","embeddable":true,"href":"https:\/\/ucnoqta.az\/index.php?rest_route=%2Fwp%2Fv2%2Ftags&post=77025"}],"curies":[{"name":"wp","href":"https:\/\/api.w.org\/{rel}","templated":true}]}}