{"id":77022,"date":"2019-03-22T21:19:23","date_gmt":"2019-03-22T17:19:23","guid":{"rendered":""},"modified":"-0001-11-30T00:00:00","modified_gmt":"-0001-11-29T20:00:00","slug":"","status":"publish","type":"post","link":"https:\/\/ucnoqta.az\/?p=77022","title":{"rendered":"&#8220;Suriya \u0130\u015e\u0130D terror\u00e7ular\u0131ndan tamamil\u0259 t\u0259mizl\u0259ndi\u201d\u00a0&#8211; <font color=red><b>A\u011f Ev<\/b><\/font>"},"content":{"rendered":"<p><strong>A\u011f Ev \u0130\u015e\u0130D terror&ccedil;ular\u0131n\u0131n Suriyada i\u015f\u011fal olunan b&uuml;t&uuml;n \u0259razil\u0259rd\u0259n t\u0259mizl\u0259ndiyini a&ccedil;\u0131qlay\u0131b. <\/strong><\/p>\n<p>Bu bar\u0259d\u0259 A\u011f Evin s&ouml;z&ccedil;&uuml;s&uuml; Sarah Sanders m\u0259lumat verib. O, \u0130\u015e\u0130D-\u0259 qar\u015f\u0131 \u0259m\u0259liyyatlar\u0131n art\u0131q son m\u0259rh\u0259l\u0259d\u0259 oldu\u011funu bildirib. Xat\u0131rladaq ki, fevral\u0131n 28-d\u0259 Donald Tramp Suriyada i\u015f\u011fal olunmu\u015f b&uuml;t&uuml;n \u0259razil\u0259rin \u0130\u015e\u0130D-d\u0259n geri al\u0131nd\u0131\u011f\u0131n\u0131 a&ccedil;\u0131qlam\u0131\u015fd\u0131. Qafqazinfo<\/p>\n","protected":false},"excerpt":{"rendered":"<p>A\u011f Ev \u0130\u015e\u0130D terror&ccedil;ular\u0131n\u0131n Suriyada i\u015f\u011fal olunan b&uuml;t&uuml;n \u0259razil\u0259rd\u0259n t\u0259mizl\u0259ndiyini a&ccedil;\u0131qlay\u0131b. Bu bar\u0259d\u0259 A\u011f Evin s&ouml;z&ccedil;&uuml;s&uuml; Sarah Sanders m\u0259lumat verib. O, \u0130\u015e\u0130D-\u0259 qar\u015f\u0131 \u0259m\u0259liyyatlar\u0131n art\u0131q son m\u0259rh\u0259l\u0259d\u0259 oldu\u011funu bildirib. Xat\u0131rladaq&hellip;<\/p>\n","protected":false},"author":1,"featured_media":251278,"comment_status":"open","ping_status":"open","sticky":false,"template":"","format":"standard","meta":{"_lmt_disableupdate":"","_lmt_disable":"","footnotes":""},"categories":[89],"tags":[],"class_list":["post-77022","post","type-post","status-publish","format-standard","has-post-thumbnail","hentry","category-dunya-butun-xeberler"],"_links":{"self":[{"href":"https:\/\/ucnoqta.az\/index.php?rest_route=\/wp\/v2\/posts\/77022","targetHints":{"allow":["GET"]}}],"collection":[{"href":"https:\/\/ucnoqta.az\/index.php?rest_route=\/wp\/v2\/posts"}],"about":[{"href":"https:\/\/ucnoqta.az\/index.php?rest_route=\/wp\/v2\/types\/post"}],"author":[{"embeddable":true,"href":"https:\/\/ucnoqta.az\/index.php?rest_route=\/wp\/v2\/users\/1"}],"replies":[{"embeddable":true,"href":"https:\/\/ucnoqta.az\/index.php?rest_route=%2Fwp%2Fv2%2Fcomments&post=77022"}],"version-history":[{"count":0,"href":"https:\/\/ucnoqta.az\/index.php?rest_route=\/wp\/v2\/posts\/77022\/revisions"}],"wp:featuredmedia":[{"embeddable":true,"href":"https:\/\/ucnoqta.az\/index.php?rest_route=\/wp\/v2\/media\/251278"}],"wp:attachment":[{"href":"https:\/\/ucnoqta.az\/index.php?rest_route=%2Fwp%2Fv2%2Fmedia&parent=77022"}],"wp:term":[{"taxonomy":"category","embeddable":true,"href":"https:\/\/ucnoqta.az\/index.php?rest_route=%2Fwp%2Fv2%2Fcategories&post=77022"},{"taxonomy":"post_tag","embeddable":true,"href":"https:\/\/ucnoqta.az\/index.php?rest_route=%2Fwp%2Fv2%2Ftags&post=77022"}],"curies":[{"name":"wp","href":"https:\/\/api.w.org\/{rel}","templated":true}]}}