{"id":77017,"date":"2019-03-22T19:04:23","date_gmt":"2019-03-22T15:04:23","guid":{"rendered":""},"modified":"-0001-11-30T00:00:00","modified_gmt":"-0001-11-29T20:00:00","slug":"","status":"publish","type":"post","link":"https:\/\/ucnoqta.az\/?p=77017","title":{"rendered":"Nazirlik sudan istifad\u0259 il\u0259 ba\u011fl\u0131 \u0259haliy\u0259 m\u00fcraci\u0259t edib"},"content":{"rendered":"<p><strong>Ekologiya v\u0259 T\u0259bii S\u0259rv\u0259tl\u0259r Nazirliyi su resurslar\u0131m\u0131z\u0131n m&uuml;t\u0259madi olaraq monitorinqini apar\u0131r.<\/strong><\/p>\n<p>Nazirliyin m\u0259tbuat xidm\u0259tind\u0259n&nbsp;veril\u0259n m\u0259lumata g&ouml;r\u0259, h\u0259m yerli, h\u0259m d\u0259 transs\u0259rh\u0259d &ccedil;aylardan istifad\u0259 Az\u0259rbaycan Respublikas\u0131n\u0131n Su M\u0259c\u0259ll\u0259sin\u0259, \u018ftraf M&uuml;hitin M&uuml;hafiz\u0259si v\u0259 dig\u0259r qanunlara v\u0259 qanunvericilik aktlar\u0131na, o c&uuml;ml\u0259d\u0259n &uuml;zv oldu\u011fumuz beyn\u0259lxalq konvensiyalara v\u0259 raz\u0131la\u015fmalara \u0259saslanmal\u0131d\u0131r. Bu zaman &ccedil;aylarda t\u0259l\u0259b olunan ekoloji ax\u0131m\u0131 t\u0259min edilm\u0259li v\u0259 su ehtiyatlar\u0131 inteqrasiyal\u0131 yana\u015fma v\u0259 h&ouml;vz\u0259 prinsipin\u0259 uy\u011fun idar\u0259 edilm\u0259lidir.<\/p>\n<p>G\u0259l\u0259c\u0259kd\u0259 ciddi su q\u0131tl\u0131\u011f\u0131 problemi il\u0259 &uuml;zl\u0259\u015fm\u0259m\u0259k &uuml;&ccedil;&uuml;n \u0259hali d\u0259 daxil olmaqla b&uuml;t&uuml;n su istifad\u0259&ccedil;il\u0259ri sudan s\u0259m\u0259r\u0259li istifad\u0259 etm\u0259li, su t\u0259chizat\u0131 qur\u011fular\u0131nda v\u0259 m\u0259i\u015f\u0259td\u0259 su itkil\u0259rinin qar\u015f\u0131s\u0131n\u0131 almal\u0131, m&uuml;asir texnologiya v\u0259 suya q\u0259na\u0259t ed\u0259n avadanl\u0131qdan istifad\u0259 etm\u0259li, i&ccedil;m\u0259li sudan texniki m\u0259qs\u0259dl\u0259r &uuml;&ccedil;&uuml;n istifad\u0259ni m\u0259hdudla\u015fd\u0131rmal\u0131 v\u0259 s. add\u0131mlar atmal\u0131d\u0131rlar.<\/p>\n<p>Qeyd ed\u0259k ki, h\u0259r il mart\u0131n 22-d\u0259 &Uuml;mumd&uuml;nya su g&uuml;n&uuml; (World Day of Water) qeyd olunur. Bu g&uuml;n BMT Ba\u015f Assambleyas\u0131n\u0131n 1993-c&uuml; il 22 fevral tarixli q\u0259rar\u0131na \u0259sas\u0259n qeyd olunma\u011fa ba\u015flan\u0131b. &Uuml;mumd&uuml;nya su ehtiyatlar\u0131 g&uuml;n&uuml; haqq\u0131nda ilk t\u0259klif 1992-ci il iyunun 3-14 tarixl\u0259ri aras\u0131nda Rio-de-Janeyroda ba\u015f tutmu\u015f BMT-nin \u018ftraf M&uuml;hitin M&uuml;hafiz\u0259si v\u0259 \u0130nki\u015faf\u0131 Konfrans\u0131nda (UNCED) s\u0259sl\u0259ndirilib.<\/p>\n<p>Bu g&uuml;n&uuml;n ke&ccedil;irilm\u0259sind\u0259 m\u0259qs\u0259d h\u0259r bir k\u0259sin vaxtl\u0131-vaxt\u0131nda v\u0259 laz\u0131mi miqdarda t\u0259miz su il\u0259 t\u0259min edilm\u0259si v\u0259 su ekosisteml\u0259rinin m&uuml;hafiz\u0259sind\u0259 ham\u0131n\u0131 f\u0259al olma\u011fa &ccedil;a\u011f\u0131rmaqd\u0131r. Bu m\u0259qs\u0259dl\u0259 d&uuml;nyan\u0131n m&uuml;xt\u0259lif yerl\u0259rind\u0259 beyn\u0259lxalq, milli v\u0259 yerli s\u0259viyy\u0259l\u0259rd\u0259 su resurslar\u0131ndan s\u0259m\u0259r\u0259li istifad\u0259 sah\u0259sind\u0259 m&uuml;xt\u0259lif proqramlar h\u0259yata ke&ccedil;irilir.<\/p>\n<p>Su resurslar\u0131m\u0131z o q\u0259d\u0259r d\u0259 &ccedil;ox olmad\u0131\u011f\u0131ndan sudan q\u0259na\u0259tl\u0259 istifad\u0259 v\u0259 su m\u0259nb\u0259l\u0259rimizin m&uuml;hafiz\u0259si &ouml;lk\u0259mizd\u0259 \u0259n prioritet sah\u0259l\u0259rd\u0259ndir. Respublikan\u0131n s\u0259th su ehtiyatlar\u0131 \u0259sas\u0259n K&uuml;r v\u0259 onun qollar\u0131 v\u0259 eyni zamanda birba\u015fa X\u0259z\u0259r\u0259 t&ouml;k&uuml;l\u0259n L\u0259nk\u0259ran t\u0259bii zonas\u0131 v\u0259 Quba-Xa&ccedil;maz zonas\u0131 &ccedil;aylar\u0131n\u0131n ax\u0131m\u0131ndan ibar\u0259t olmaqla 30 kub.metr t\u0259\u015fkil edir ki, bunun da yaln\u0131z &uuml;&ccedil;d\u0259 biri yerli sular\u0131m\u0131zd\u0131r.<\/p>\n<p>Az\u0259rbaycan\u0131n su ehtiyatlar\u0131 &ouml;lk\u0259nin iqtisadiyyat\u0131nda b&ouml;y&uuml;k rol oynay\u0131r. \u0130ld\u0259 12 kub.metrd\u0259n &ccedil;ox su \u0259halini, s\u0259nayeni, k\u0259nd t\u0259s\u0259rr&uuml;fat\u0131 v\u0259 iqtisadiyyat\u0131n bir &ccedil;ox sah\u0259l\u0259rini su il\u0259 t\u0259min etm\u0259k m\u0259qs\u0259dil\u0259 &ccedil;aylardan istifad\u0259 &uuml;&ccedil;&uuml;n g&ouml;t&uuml;r&uuml;l&uuml;r. K\u0259nd t\u0259s\u0259rr&uuml;fat\u0131 m\u0259hsulllar\u0131 \u0259sas\u0259n suvar\u0131lan sah\u0259l\u0259rd\u0259 yeti\u015fdiyind\u0259n g&ouml;t&uuml;r&uuml;l\u0259n suyun &uuml;&ccedil;d\u0259 ikisi suvarmada istifad\u0259 olunur. \/trend<\/p>\n","protected":false},"excerpt":{"rendered":"<p>Ekologiya v\u0259 T\u0259bii S\u0259rv\u0259tl\u0259r Nazirliyi su resurslar\u0131m\u0131z\u0131n m&uuml;t\u0259madi olaraq monitorinqini apar\u0131r. Nazirliyin m\u0259tbuat xidm\u0259tind\u0259n&nbsp;veril\u0259n m\u0259lumata g&ouml;r\u0259, h\u0259m yerli, h\u0259m d\u0259 transs\u0259rh\u0259d &ccedil;aylardan istifad\u0259 Az\u0259rbaycan Respublikas\u0131n\u0131n Su M\u0259c\u0259ll\u0259sin\u0259, \u018ftraf M&uuml;hitin M&uuml;hafiz\u0259si&hellip;<\/p>\n","protected":false},"author":1,"featured_media":251278,"comment_status":"open","ping_status":"open","sticky":false,"template":"","format":"standard","meta":{"_lmt_disableupdate":"","_lmt_disable":"","footnotes":""},"categories":[],"tags":[],"class_list":["post-77017","post","type-post","status-publish","format-standard","has-post-thumbnail","hentry"],"_links":{"self":[{"href":"https:\/\/ucnoqta.az\/index.php?rest_route=\/wp\/v2\/posts\/77017","targetHints":{"allow":["GET"]}}],"collection":[{"href":"https:\/\/ucnoqta.az\/index.php?rest_route=\/wp\/v2\/posts"}],"about":[{"href":"https:\/\/ucnoqta.az\/index.php?rest_route=\/wp\/v2\/types\/post"}],"author":[{"embeddable":true,"href":"https:\/\/ucnoqta.az\/index.php?rest_route=\/wp\/v2\/users\/1"}],"replies":[{"embeddable":true,"href":"https:\/\/ucnoqta.az\/index.php?rest_route=%2Fwp%2Fv2%2Fcomments&post=77017"}],"version-history":[{"count":0,"href":"https:\/\/ucnoqta.az\/index.php?rest_route=\/wp\/v2\/posts\/77017\/revisions"}],"wp:featuredmedia":[{"embeddable":true,"href":"https:\/\/ucnoqta.az\/index.php?rest_route=\/wp\/v2\/media\/251278"}],"wp:attachment":[{"href":"https:\/\/ucnoqta.az\/index.php?rest_route=%2Fwp%2Fv2%2Fmedia&parent=77017"}],"wp:term":[{"taxonomy":"category","embeddable":true,"href":"https:\/\/ucnoqta.az\/index.php?rest_route=%2Fwp%2Fv2%2Fcategories&post=77017"},{"taxonomy":"post_tag","embeddable":true,"href":"https:\/\/ucnoqta.az\/index.php?rest_route=%2Fwp%2Fv2%2Ftags&post=77017"}],"curies":[{"name":"wp","href":"https:\/\/api.w.org\/{rel}","templated":true}]}}