{"id":77012,"date":"2019-03-22T14:47:48","date_gmt":"2019-03-22T10:47:48","guid":{"rendered":""},"modified":"-0001-11-30T00:00:00","modified_gmt":"-0001-11-29T20:00:00","slug":"","status":"publish","type":"post","link":"https:\/\/ucnoqta.az\/?p=77012","title":{"rendered":"\u018frdo\u011fandan Trampa s\u0259rt <font color=red><b>Cavab<\/b><\/font>"},"content":{"rendered":"<p><strong>\u018frdo\u011fan AB\u015e Prezidentinin Colan t\u0259p\u0259l\u0259rin\u0259 dair b\u0259yanat\u0131n\u0131 s\u0259rt t\u0259nqid edib<\/strong><\/p>\n<p>&quot;D&uuml;n\u0259n AB\u015e Prezidenti Donald Tramp\u0131n Colan t\u0259p\u0259l\u0259ri il\u0259 ba\u011fl\u0131 u\u011fursuz a&ccedil;\u0131qlamas\u0131 regionu yeni bir b&ouml;hran\u0131n, yeni bir g\u0259rginliyin astanas\u0131na g\u0259tirib&quot;.&nbsp; &ldquo;Report&rdquo; &ldquo;Bloomberg&rdquo;\u0259 istinad\u0259n x\u0259b\u0259r verir ki, bunu&nbsp;T&uuml;rkiy\u0259 Prezidenti&nbsp;R\u0259c\u0259b Tayib \u018frdo\u011fan&nbsp;\u0130slam \u018fm\u0259kda\u015fl\u0131q T\u0259\u015fkilat\u0131 (\u0130\u018fT) Xarici \u0130\u015fl\u0259r Nazirl\u0259ri \u015euras\u0131n\u0131n&nbsp;Yeni Zelandiyadak\u0131 terror akt\u0131 il\u0259&nbsp;ba\u011fl\u0131 \u0130stanbulda ke&ccedil;iril\u0259n n&ouml;vb\u0259d\u0259nk\u0259nar y\u0131\u011f\u0131nca\u011f\u0131nda bildirib.&nbsp;<\/p>\n<p>&quot;Colan t\u0259p\u0259l\u0259ri 1967-ci ild\u0259 \u0130srail t\u0259r\u0259find\u0259n i\u015f\u011fal edil\u0259rk\u0259n, sad\u0259c\u0259, \u0259r\u0259bl\u0259r yox, t&uuml;rkmanlar da &ouml;z do\u011fma torpaqlar\u0131ndan k&ouml;&ccedil;m\u0259y\u0259 m\u0259cbur edilib.&nbsp;T&uuml;rkiy\u0259nin v\u0259 \u0130slam \u018fm\u0259kda\u015fl\u0131q T\u0259\u015fkilat\u0131n\u0131n bu c&uuml;r h\u0259ssas m\u0259s\u0259l\u0259d\u0259 s\u0259ssiz qalmas\u0131, de-faktolara boyun \u0259ym\u0259si qeyri-m&uuml;mk&uuml;nd&uuml;r. Colan t\u0259p\u0259l\u0259rinin i\u015f\u011fal\u0131n\u0131n legitiml\u0259\u015fdirilm\u0259sin\u0259 \u0259sla yol verm\u0259rik&rdquo;, &#8211;&nbsp;dey\u0259 o qeyd edib.<\/p>\n<p>T&uuml;rkiy\u0259 lideri mart\u0131n 15-d\u0259 Yeni Zelandiyan\u0131n Krayst&ccedil;&ouml;r&ccedil; \u015f\u0259h\u0259rind\u0259ki iki m\u0259scid\u0259 51 n\u0259f\u0259rin &ouml;lm\u0259sin\u0259, 47 n\u0259f\u0259rin yaralanmas\u0131na s\u0259b\u0259b olan terror akt\u0131n\u0131 aysberqin g&ouml;r&uuml;n\u0259n t\u0259r\u0259fi kimi d\u0259y\u0259rl\u0259ndirib: &quot;Ba\u015f ver\u0259nl\u0259r d&uuml;nyada g&uuml;cl\u0259n\u0259n m\u0259d\u0259ni irq&ccedil;iliyin, m\u0259d\u0259niyy\u0259tl\u0259r aras\u0131nda ixtilaf\u0131n \u0259lam\u0259tidir. Bu g&uuml;n qar\u015f\u0131m\u0131zda a&ccedil;\u0131q-a\u015fkar \u0130slam d&uuml;\u015fm\u0259n&ccedil;iliyi var. Bu t\u0259hdid art\u0131q t\u0259hl&uuml;k\u0259sizlik qurumlar\u0131n\u0131n da m\u0259suliyy\u0259tind\u0259dir. Eynil\u0259 \u0130\u015e\u0130D, &quot;\u018f\u015f-\u015e\u0259bab&quot;, PKK kimi neonasist qruplar da terror t\u0259\u015fkilatlar\u0131 qismind\u0259 g&ouml;r&uuml;lm\u0259li v\u0259 d\u0259y\u0259rl\u0259ndirilm\u0259lidir. Holokost &uuml;&ccedil;&uuml;n nec\u0259 antisemitizmin qar\u015f\u0131s\u0131 al\u0131nm\u0131\u015fd\u0131sa, y&uuml;ks\u0259l\u0259n \u0130slam d&uuml;\u015fm\u0259n&ccedil;iliyi il\u0259 d\u0259 eyni \u015f\u0259kild\u0259 m&uuml;bariz\u0259 apar\u0131lmal\u0131d\u0131r&rdquo;.<\/p>\n<p>\u018frdo\u011fan getdikc\u0259 daha geni\u015f v&uuml;s\u0259t alan m\u0259d\u0259ni irq&ccedil;ilikd\u0259n t\u0259kc\u0259 m&uuml;s\u0259lmanlar\u0131n deyil, y\u0259hudil\u0259rin, ba\u015fqa dini v\u0259 milli azl\u0131qlar\u0131n da \u0259ziyy\u0259t &ccedil;\u0259kdiyini,&nbsp;\u0130slam d&uuml;\u015fm\u0259n&ccedil;iliyi m\u0259s\u0259l\u0259sinin&nbsp;BMT&nbsp;v\u0259 Avropa \u0130ttifaq\u0131 kimi platformalara g\u0259tirm\u0259yin vacib oldu\u011funu vur\u011fulay\u0131b.&nbsp;<\/p>\n","protected":false},"excerpt":{"rendered":"<p>\u018frdo\u011fan AB\u015e Prezidentinin Colan t\u0259p\u0259l\u0259rin\u0259 dair b\u0259yanat\u0131n\u0131 s\u0259rt t\u0259nqid edib &quot;D&uuml;n\u0259n AB\u015e Prezidenti Donald Tramp\u0131n Colan t\u0259p\u0259l\u0259ri il\u0259 ba\u011fl\u0131 u\u011fursuz a&ccedil;\u0131qlamas\u0131 regionu yeni bir b&ouml;hran\u0131n, yeni bir g\u0259rginliyin astanas\u0131na g\u0259tirib&quot;.&nbsp;&hellip;<\/p>\n","protected":false},"author":1,"featured_media":251278,"comment_status":"open","ping_status":"open","sticky":false,"template":"","format":"standard","meta":{"_lmt_disableupdate":"","_lmt_disable":"","footnotes":""},"categories":[89],"tags":[],"class_list":["post-77012","post","type-post","status-publish","format-standard","has-post-thumbnail","hentry","category-dunya-butun-xeberler"],"_links":{"self":[{"href":"https:\/\/ucnoqta.az\/index.php?rest_route=\/wp\/v2\/posts\/77012","targetHints":{"allow":["GET"]}}],"collection":[{"href":"https:\/\/ucnoqta.az\/index.php?rest_route=\/wp\/v2\/posts"}],"about":[{"href":"https:\/\/ucnoqta.az\/index.php?rest_route=\/wp\/v2\/types\/post"}],"author":[{"embeddable":true,"href":"https:\/\/ucnoqta.az\/index.php?rest_route=\/wp\/v2\/users\/1"}],"replies":[{"embeddable":true,"href":"https:\/\/ucnoqta.az\/index.php?rest_route=%2Fwp%2Fv2%2Fcomments&post=77012"}],"version-history":[{"count":0,"href":"https:\/\/ucnoqta.az\/index.php?rest_route=\/wp\/v2\/posts\/77012\/revisions"}],"wp:featuredmedia":[{"embeddable":true,"href":"https:\/\/ucnoqta.az\/index.php?rest_route=\/wp\/v2\/media\/251278"}],"wp:attachment":[{"href":"https:\/\/ucnoqta.az\/index.php?rest_route=%2Fwp%2Fv2%2Fmedia&parent=77012"}],"wp:term":[{"taxonomy":"category","embeddable":true,"href":"https:\/\/ucnoqta.az\/index.php?rest_route=%2Fwp%2Fv2%2Fcategories&post=77012"},{"taxonomy":"post_tag","embeddable":true,"href":"https:\/\/ucnoqta.az\/index.php?rest_route=%2Fwp%2Fv2%2Ftags&post=77012"}],"curies":[{"name":"wp","href":"https:\/\/api.w.org\/{rel}","templated":true}]}}