{"id":76999,"date":"2019-03-21T12:51:14","date_gmt":"2019-03-21T08:51:14","guid":{"rendered":""},"modified":"-0001-11-30T00:00:00","modified_gmt":"-0001-11-29T20:00:00","slug":"","status":"publish","type":"post","link":"https:\/\/ucnoqta.az\/?p=76999","title":{"rendered":"Qazax\u0131standa paytaxt\u0131n yeni ad\u0131na g\u00f6r\u0259 k\u00fctl\u0259vi dava- <font color=red><b>h\u0259bs edil\u0259nl\u0259r var<\/b><\/font>"},"content":{"rendered":"<p><strong>Qazax\u0131stan paytaxt\u0131n\u0131n ad\u0131n\u0131n d\u0259yi\u015fdirilm\u0259sinin t\u0259r\u0259fdarlar\u0131 v\u0259 \u0259leydarlar\u0131 aras\u0131nda Astana meriyas\u0131n\u0131n binas\u0131 qar\u015f\u0131s\u0131nda k&uuml;tl\u0259vi dava d&uuml;\u015f&uuml;b.&nbsp; Asay\u0131\u015f ke\u015fik&ccedil;il\u0259ri aksiyaya m&uuml;daxil\u0259 edib, h\u0259r iki t\u0259r\u0259fd\u0259n saxlan\u0131lanlar var.<\/strong><\/p>\n<p>Bu haqda &ldquo;R\u0130A Novosti&rdquo;nin Qazax\u0131standak\u0131 m&uuml;xbiri m\u0259lumat verir. R\u0259smi r\u0259q\u0259ml\u0259r a&ccedil;\u0131qlanmasa da, insidentd\u0259n sonra 20-\u0259 yax\u0131n dava i\u015ftirak&ccedil;\u0131s\u0131n\u0131n saxlan\u0131ld\u0131\u011f\u0131 bildirilir.<\/p>\n<p>\u0130nsident Novruz \u015f\u0259nliyinin ke&ccedil;irildiyi meydanda qeyd\u0259 al\u0131n\u0131b.<\/p>\n<p>Bundan \u0259vv\u0259l sosial \u015f\u0259b\u0259k\u0259l\u0259rin Qazax\u0131stan seqmentind\u0259 paytaxta Nursultan ad\u0131n\u0131n qoyulmas\u0131ndan naraz\u0131 olan bir qrup ictimai f\u0259al, insanlar\u0131 meriya binas\u0131 qar\u015f\u0131s\u0131na topla\u015faraq, dinc etiraz aksiyas\u0131 ke&ccedil;irm\u0259y\u0259 &ccedil;a\u011f\u0131rm\u0131\u015fd\u0131. Bundan ba\u015fqa internetd\u0259&nbsp;&ldquo;Nursultan&rdquo; \u0259leyhdarlar\u0131 onlayn&nbsp;petisiya ba\u015flad\u0131b.&nbsp;Elektron s\u0259n\u0259di art\u0131q 32 mind\u0259n &ccedil;ox insan imzalay\u0131b.\/oxu.az<\/p>\n","protected":false},"excerpt":{"rendered":"<p>Qazax\u0131stan paytaxt\u0131n\u0131n ad\u0131n\u0131n d\u0259yi\u015fdirilm\u0259sinin t\u0259r\u0259fdarlar\u0131 v\u0259 \u0259leydarlar\u0131 aras\u0131nda Astana meriyas\u0131n\u0131n binas\u0131 qar\u015f\u0131s\u0131nda k&uuml;tl\u0259vi dava d&uuml;\u015f&uuml;b.&nbsp; Asay\u0131\u015f ke\u015fik&ccedil;il\u0259ri aksiyaya m&uuml;daxil\u0259 edib, h\u0259r iki t\u0259r\u0259fd\u0259n saxlan\u0131lanlar var. Bu haqda &ldquo;R\u0130A Novosti&rdquo;nin Qazax\u0131standak\u0131&hellip;<\/p>\n","protected":false},"author":1,"featured_media":251278,"comment_status":"open","ping_status":"open","sticky":false,"template":"","format":"standard","meta":{"_lmt_disableupdate":"","_lmt_disable":"","footnotes":""},"categories":[],"tags":[],"class_list":["post-76999","post","type-post","status-publish","format-standard","has-post-thumbnail","hentry"],"_links":{"self":[{"href":"https:\/\/ucnoqta.az\/index.php?rest_route=\/wp\/v2\/posts\/76999","targetHints":{"allow":["GET"]}}],"collection":[{"href":"https:\/\/ucnoqta.az\/index.php?rest_route=\/wp\/v2\/posts"}],"about":[{"href":"https:\/\/ucnoqta.az\/index.php?rest_route=\/wp\/v2\/types\/post"}],"author":[{"embeddable":true,"href":"https:\/\/ucnoqta.az\/index.php?rest_route=\/wp\/v2\/users\/1"}],"replies":[{"embeddable":true,"href":"https:\/\/ucnoqta.az\/index.php?rest_route=%2Fwp%2Fv2%2Fcomments&post=76999"}],"version-history":[{"count":0,"href":"https:\/\/ucnoqta.az\/index.php?rest_route=\/wp\/v2\/posts\/76999\/revisions"}],"wp:featuredmedia":[{"embeddable":true,"href":"https:\/\/ucnoqta.az\/index.php?rest_route=\/wp\/v2\/media\/251278"}],"wp:attachment":[{"href":"https:\/\/ucnoqta.az\/index.php?rest_route=%2Fwp%2Fv2%2Fmedia&parent=76999"}],"wp:term":[{"taxonomy":"category","embeddable":true,"href":"https:\/\/ucnoqta.az\/index.php?rest_route=%2Fwp%2Fv2%2Fcategories&post=76999"},{"taxonomy":"post_tag","embeddable":true,"href":"https:\/\/ucnoqta.az\/index.php?rest_route=%2Fwp%2Fv2%2Ftags&post=76999"}],"curies":[{"name":"wp","href":"https:\/\/api.w.org\/{rel}","templated":true}]}}