{"id":76988,"date":"2019-03-21T00:07:28","date_gmt":"2019-03-20T20:07:28","guid":{"rendered":""},"modified":"-0001-11-30T00:00:00","modified_gmt":"-0001-11-29T20:00:00","slug":"","status":"publish","type":"post","link":"https:\/\/ucnoqta.az\/?p=76988","title":{"rendered":"G\u00f6y\u00e7ayda 23 ya\u015fl\u0131 o\u011flan faci\u0259li hadis\u0259 n\u0259tic\u0259sind\u0259 \u00f6l\u00fcb- <font color=red><b>Foto<\/b><\/font>"},"content":{"rendered":"<p><strong>G&ouml;y&ccedil;ay \u015f\u0259h\u0259rinin m\u0259rk\u0259zind\u0259 bayram g&uuml;n&uuml; faci\u0259 ya\u015fan\u0131b.&nbsp;<\/strong><\/p>\n<p>Ucnoqta.az ONA-ya istinad\u0259n x\u0259b\u0259r verir ki, hadis\u0259 bu g&uuml;n ax\u015fam saat 20:00 rad\u0259l\u0259rind\u0259 G&ouml;y&ccedil;ay \u015f\u0259h\u0259rinin N\u0259rimanov k&uuml;&ccedil;\u0259sind\u0259 qeyd\u0259 al\u0131n\u0131b. Rayon sakini, 1996-c\u0131 il t\u0259v\u0259ll&uuml;dl&uuml; K\u0259rimov Akif Asif o\u011flu piyada s\u0259kisind\u0259 h\u0259r\u0259k\u0259t ed\u0259rk\u0259n &quot;Oskar&quot; marketin qar\u015f\u0131s\u0131ndak\u0131 irig&ouml;vd\u0259li cinar a\u011fac\u0131n\u0131n qurumu\u015f budaqlar\u0131ndan biri q\u0259fl\u0259t\u0259n qoparaq onun ba\u015f\u0131na d&uuml;\u015f&uuml;b.<\/p>\n<p>O, a\u011f\u0131r k\u0259ll\u0259-beyin travmas\u0131 alaraq hu\u015funu itirib. &Ccedil;oxlu qan itir\u0259n Akif K\u0259rimov yax\u0131nl\u0131qdak\u0131 insanlar\u0131n k&ouml;m\u0259yi il\u0259 t\u0259cili olaraq G&ouml;y&ccedil;ay rayon M\u0259rk\u0259zi X\u0259st\u0259xanas\u0131na g&ouml;nd\u0259rilib, lakin yolda d&uuml;nyas\u0131n\u0131 d\u0259yi\u015fib.<\/p>\n<p>Qeyd ed\u0259k ki, &ouml;t\u0259n h\u0259ft\u0259 G&ouml;y&ccedil;ay \u015f\u0259h\u0259rinin m\u0259rk\u0259zind\u0259 irig&ouml;vd\u0259li ba\u015fqa bir &ccedil;inar a\u011fac\u0131 a\u015faraq avtomobil yolunu ba\u011flam\u0131\u015fd\u0131. H\u0259min hadis\u0259 zaman\u0131 evl\u0259r\u0259 v\u0259 insanlara ziyan d\u0259ym\u0259mi\u015fdi.&nbsp;<\/p>\n","protected":false},"excerpt":{"rendered":"<p>G&ouml;y&ccedil;ay \u015f\u0259h\u0259rinin m\u0259rk\u0259zind\u0259 bayram g&uuml;n&uuml; faci\u0259 ya\u015fan\u0131b.&nbsp; Ucnoqta.az ONA-ya istinad\u0259n x\u0259b\u0259r verir ki, hadis\u0259 bu g&uuml;n ax\u015fam saat 20:00 rad\u0259l\u0259rind\u0259 G&ouml;y&ccedil;ay \u015f\u0259h\u0259rinin N\u0259rimanov k&uuml;&ccedil;\u0259sind\u0259 qeyd\u0259 al\u0131n\u0131b. Rayon sakini, 1996-c\u0131 il&hellip;<\/p>\n","protected":false},"author":1,"featured_media":251278,"comment_status":"open","ping_status":"open","sticky":false,"template":"","format":"standard","meta":{"_lmt_disableupdate":"","_lmt_disable":"","footnotes":""},"categories":[],"tags":[],"class_list":["post-76988","post","type-post","status-publish","format-standard","has-post-thumbnail","hentry"],"_links":{"self":[{"href":"https:\/\/ucnoqta.az\/index.php?rest_route=\/wp\/v2\/posts\/76988","targetHints":{"allow":["GET"]}}],"collection":[{"href":"https:\/\/ucnoqta.az\/index.php?rest_route=\/wp\/v2\/posts"}],"about":[{"href":"https:\/\/ucnoqta.az\/index.php?rest_route=\/wp\/v2\/types\/post"}],"author":[{"embeddable":true,"href":"https:\/\/ucnoqta.az\/index.php?rest_route=\/wp\/v2\/users\/1"}],"replies":[{"embeddable":true,"href":"https:\/\/ucnoqta.az\/index.php?rest_route=%2Fwp%2Fv2%2Fcomments&post=76988"}],"version-history":[{"count":0,"href":"https:\/\/ucnoqta.az\/index.php?rest_route=\/wp\/v2\/posts\/76988\/revisions"}],"wp:featuredmedia":[{"embeddable":true,"href":"https:\/\/ucnoqta.az\/index.php?rest_route=\/wp\/v2\/media\/251278"}],"wp:attachment":[{"href":"https:\/\/ucnoqta.az\/index.php?rest_route=%2Fwp%2Fv2%2Fmedia&parent=76988"}],"wp:term":[{"taxonomy":"category","embeddable":true,"href":"https:\/\/ucnoqta.az\/index.php?rest_route=%2Fwp%2Fv2%2Fcategories&post=76988"},{"taxonomy":"post_tag","embeddable":true,"href":"https:\/\/ucnoqta.az\/index.php?rest_route=%2Fwp%2Fv2%2Ftags&post=76988"}],"curies":[{"name":"wp","href":"https:\/\/api.w.org\/{rel}","templated":true}]}}