{"id":76984,"date":"2019-03-20T21:47:45","date_gmt":"2019-03-20T17:47:45","guid":{"rendered":""},"modified":"-0001-11-30T00:00:00","modified_gmt":"-0001-11-29T20:00:00","slug":"","status":"publish","type":"post","link":"https:\/\/ucnoqta.az\/?p=76984","title":{"rendered":"Modri\u00e7: <font color=red><b>Az\u0259rbaycan \u00e7ox t\u0259hl\u00fck\u0259li komandad\u0131r<\/b><\/font>"},"content":{"rendered":"<p><strong>Az\u0259rbaycan millisi &ccedil;ox t\u0259hl&uuml;k\u0259li komandad\u0131r. Bu se&ccedil;m\u0259 m\u0259rhl\u0259sinin \u0259vv\u0259lidir. Bizim &uuml;&ccedil;&uuml;n yax\u015f\u0131 start g&ouml;t&uuml;rm\u0259k vacibdir.<\/strong><\/p>\n<p>Bunu Xorvatiya millisinin futbol&ccedil;usu Luka Modri&ccedil; deyib.<\/p>\n<p>&ldquo;M\u0259n Az\u0259rbaycanla oyunu xat\u0131rlay\u0131ram. Onlar sona q\u0259d\u0259r m&uuml;bariz\u0259 apar\u0131rd\u0131lar. Sabah azarke\u015fl\u0259rimiz sevindirm\u0259y\u0259 &ccedil;al\u0131\u015faca\u011f\u0131q&rdquo;, &#8211; dey\u0259 o s&ouml;zl\u0259rin\u0259 \u0259lav\u0259 edib.<\/p>\n<p>&Ouml;z n&ouml;vb\u0259sind\u0259 Xorvatiya millisinin ba\u015f m\u0259\u015fq&ccedil;isi qeyd edib ki, r\u0259qib\u0259 h&ouml;rm\u0259tl\u0259 yana\u015f\u0131rlar.<\/p>\n<p>&ldquo;Biz\u0259 asan r\u0259qib d&uuml;\u015fm\u0259yib. Az\u0259rbaycan millisin\u0259 Nikola Yur&ccedil;evi&ccedil; r\u0259hb\u0259rlik edir. O komandan\u0131 yax\u015f\u0131 tan\u0131y\u0131r v\u0259 biz\u0259 &ccedil;\u0259tinlikl\u0259r yaradacaq. Haz\u0131rl\u0131q &uuml;&ccedil;&uuml;n az vaxt\u0131m\u0131z olub. Favorit oldu\u011fumuzu bilirik, ancaq diqq\u0259tli v\u0259 s\u0259brli olmal\u0131y\u0131q, &#8211; dey\u0259 o bildirib&rdquo;.<\/p>\n<p>Qeyd ed\u0259k ki, millimizin Xorvatiya il\u0259 g&ouml;r&uuml;\u015f&uuml; mart\u0131n 21-d\u0259 yerli vaxtla saat 20:45-d\u0259 (Bak\u0131 vaxt\u0131 il\u0259 23:45) ba\u015flayacaq.\/oxu.az<\/p>\n","protected":false},"excerpt":{"rendered":"<p>Az\u0259rbaycan millisi &ccedil;ox t\u0259hl&uuml;k\u0259li komandad\u0131r. Bu se&ccedil;m\u0259 m\u0259rhl\u0259sinin \u0259vv\u0259lidir. Bizim &uuml;&ccedil;&uuml;n yax\u015f\u0131 start g&ouml;t&uuml;rm\u0259k vacibdir. Bunu Xorvatiya millisinin futbol&ccedil;usu Luka Modri&ccedil; deyib. &ldquo;M\u0259n Az\u0259rbaycanla oyunu xat\u0131rlay\u0131ram. Onlar sona q\u0259d\u0259r m&uuml;bariz\u0259&hellip;<\/p>\n","protected":false},"author":1,"featured_media":251278,"comment_status":"open","ping_status":"open","sticky":false,"template":"","format":"standard","meta":{"_lmt_disableupdate":"","_lmt_disable":"","footnotes":""},"categories":[90],"tags":[],"class_list":["post-76984","post","type-post","status-publish","format-standard","has-post-thumbnail","hentry","category-idman-butun-xeberler"],"_links":{"self":[{"href":"https:\/\/ucnoqta.az\/index.php?rest_route=\/wp\/v2\/posts\/76984","targetHints":{"allow":["GET"]}}],"collection":[{"href":"https:\/\/ucnoqta.az\/index.php?rest_route=\/wp\/v2\/posts"}],"about":[{"href":"https:\/\/ucnoqta.az\/index.php?rest_route=\/wp\/v2\/types\/post"}],"author":[{"embeddable":true,"href":"https:\/\/ucnoqta.az\/index.php?rest_route=\/wp\/v2\/users\/1"}],"replies":[{"embeddable":true,"href":"https:\/\/ucnoqta.az\/index.php?rest_route=%2Fwp%2Fv2%2Fcomments&post=76984"}],"version-history":[{"count":0,"href":"https:\/\/ucnoqta.az\/index.php?rest_route=\/wp\/v2\/posts\/76984\/revisions"}],"wp:featuredmedia":[{"embeddable":true,"href":"https:\/\/ucnoqta.az\/index.php?rest_route=\/wp\/v2\/media\/251278"}],"wp:attachment":[{"href":"https:\/\/ucnoqta.az\/index.php?rest_route=%2Fwp%2Fv2%2Fmedia&parent=76984"}],"wp:term":[{"taxonomy":"category","embeddable":true,"href":"https:\/\/ucnoqta.az\/index.php?rest_route=%2Fwp%2Fv2%2Fcategories&post=76984"},{"taxonomy":"post_tag","embeddable":true,"href":"https:\/\/ucnoqta.az\/index.php?rest_route=%2Fwp%2Fv2%2Ftags&post=76984"}],"curies":[{"name":"wp","href":"https:\/\/api.w.org\/{rel}","templated":true}]}}