{"id":76972,"date":"2019-03-20T15:36:20","date_gmt":"2019-03-20T11:36:20","guid":{"rendered":""},"modified":"-0001-11-30T00:00:00","modified_gmt":"-0001-11-29T20:00:00","slug":"","status":"publish","type":"post","link":"https:\/\/ucnoqta.az\/?p=76972","title":{"rendered":"<font color=red><b>Prezident \u0130lham \u018fliyev Nursultan Nazarbayev\u0259 z\u0259ng edib<\/b><\/font>"},"content":{"rendered":"<p><strong>Az\u0259rbaycan Respublikas\u0131n\u0131n Prezidenti \u0130lham \u018fliyev mart\u0131n 20-d\u0259 Qazax\u0131stan xalq\u0131n\u0131n lideri, T\u0259hl&uuml;k\u0259sizlik \u015euras\u0131n\u0131n s\u0259dri Nursultan Nazarbayev\u0259 telefonla z\u0259ng edib.<\/strong><\/p>\n<p>Prezidentin M\u0259tbuat Xidm\u0259tind\u0259n&nbsp;veril\u0259n m\u0259lumata g&ouml;r\u0259, d&ouml;vl\u0259timizin ba\u015f&ccedil;\u0131s\u0131 Nursultan Nazarbayevin prezidentlik f\u0259aliyy\u0259ti d&ouml;vr&uuml;nd\u0259 Qazax\u0131stan\u0131n inki\u015faf\u0131, firavanl\u0131\u011f\u0131 v\u0259 \u0259min-amanl\u0131\u011f\u0131n\u0131n t\u0259min olunmas\u0131 istiqam\u0259tind\u0259 yorulmaz s\u0259yl\u0259r g&ouml;st\u0259rdiyini vur\u011fulay\u0131b, onun xalq\u0131m\u0131z\u0131n &uuml;mummilli lideri Heyd\u0259r \u018fliyevl\u0259 dostluq m&uuml;nasib\u0259tl\u0259rinin &ouml;lk\u0259l\u0259rimiz aras\u0131nda ikit\u0259r\u0259fli \u0259laq\u0259l\u0259rin \u0259sas\u0131n\u0131 qoydu\u011funu qeyd edib. Prezident \u0130lham \u018fliyev Nursultan Nazarbayev\u0259 g\u0259l\u0259c\u0259k f\u0259aliyy\u0259tind\u0259 u\u011furlar, m&ouml;hk\u0259m cansa\u011fl\u0131\u011f\u0131 arzulay\u0131b.<\/p>\n<p>Nursultan Nazarbayev g&ouml;st\u0259ril\u0259n diqq\u0259t\u0259 v\u0259 xo\u015f s&ouml;zl\u0259r\u0259 g&ouml;r\u0259 Prezident \u0130lham \u018fliyev\u0259 minn\u0259tdarl\u0131\u011f\u0131n\u0131 bildirib.<br \/>\nPrezident \u0130lham \u018fliyev v\u0259 Nursultan Nazarbayev Az\u0259rbaycan il\u0259 Qazax\u0131stan aras\u0131nda dostluq m&uuml;nasib\u0259tl\u0259rinin bundan sonra da b&uuml;t&uuml;n sah\u0259l\u0259rd\u0259 u\u011furla inki\u015faf ed\u0259c\u0259yin\u0259 \u0259minlikl\u0259rini ifad\u0259 edibl\u0259r.<\/p>\n","protected":false},"excerpt":{"rendered":"<p>Az\u0259rbaycan Respublikas\u0131n\u0131n Prezidenti \u0130lham \u018fliyev mart\u0131n 20-d\u0259 Qazax\u0131stan xalq\u0131n\u0131n lideri, T\u0259hl&uuml;k\u0259sizlik \u015euras\u0131n\u0131n s\u0259dri Nursultan Nazarbayev\u0259 telefonla z\u0259ng edib. Prezidentin M\u0259tbuat Xidm\u0259tind\u0259n&nbsp;veril\u0259n m\u0259lumata g&ouml;r\u0259, d&ouml;vl\u0259timizin ba\u015f&ccedil;\u0131s\u0131 Nursultan Nazarbayevin prezidentlik f\u0259aliyy\u0259ti d&ouml;vr&uuml;nd\u0259&hellip;<\/p>\n","protected":false},"author":1,"featured_media":251278,"comment_status":"open","ping_status":"open","sticky":false,"template":"","format":"standard","meta":{"_lmt_disableupdate":"","_lmt_disable":"","footnotes":""},"categories":[],"tags":[],"class_list":["post-76972","post","type-post","status-publish","format-standard","has-post-thumbnail","hentry"],"_links":{"self":[{"href":"https:\/\/ucnoqta.az\/index.php?rest_route=\/wp\/v2\/posts\/76972","targetHints":{"allow":["GET"]}}],"collection":[{"href":"https:\/\/ucnoqta.az\/index.php?rest_route=\/wp\/v2\/posts"}],"about":[{"href":"https:\/\/ucnoqta.az\/index.php?rest_route=\/wp\/v2\/types\/post"}],"author":[{"embeddable":true,"href":"https:\/\/ucnoqta.az\/index.php?rest_route=\/wp\/v2\/users\/1"}],"replies":[{"embeddable":true,"href":"https:\/\/ucnoqta.az\/index.php?rest_route=%2Fwp%2Fv2%2Fcomments&post=76972"}],"version-history":[{"count":0,"href":"https:\/\/ucnoqta.az\/index.php?rest_route=\/wp\/v2\/posts\/76972\/revisions"}],"wp:featuredmedia":[{"embeddable":true,"href":"https:\/\/ucnoqta.az\/index.php?rest_route=\/wp\/v2\/media\/251278"}],"wp:attachment":[{"href":"https:\/\/ucnoqta.az\/index.php?rest_route=%2Fwp%2Fv2%2Fmedia&parent=76972"}],"wp:term":[{"taxonomy":"category","embeddable":true,"href":"https:\/\/ucnoqta.az\/index.php?rest_route=%2Fwp%2Fv2%2Fcategories&post=76972"},{"taxonomy":"post_tag","embeddable":true,"href":"https:\/\/ucnoqta.az\/index.php?rest_route=%2Fwp%2Fv2%2Ftags&post=76972"}],"curies":[{"name":"wp","href":"https:\/\/api.w.org\/{rel}","templated":true}]}}