{"id":76971,"date":"2019-03-20T15:26:55","date_gmt":"2019-03-20T11:26:55","guid":{"rendered":""},"modified":"-0001-11-30T00:00:00","modified_gmt":"-0001-11-29T20:00:00","slug":"","status":"publish","type":"post","link":"https:\/\/ucnoqta.az\/?p=76971","title":{"rendered":"G\u00f6y\u0259rt\u0259sind\u0259 2 min avtomobil olan g\u0259mi yand\u0131- <font color=red><b>37 \u201cPorsche\u201d, &#8220;Audi&#8221; \u201cA3\u201d, \u201cA5\u201d, \u201cRS4\u201d, \u201cRS5\u201d v\u0259 \u201cQ7\u201d- Foto<\/b><\/font>"},"content":{"rendered":"<p><strong>\u0130taliyan\u0131n &ldquo;Grande America&rdquo; karqo g\u0259misi 2 min l&uuml;ks avtomobil il\u0259 yanaraq okean\u0131n dibin\u0259 gedib.<\/strong><\/p>\n<p>Fransa sahill\u0259rind\u0259n 240 km aral\u0131da yanan g\u0259mid\u0259ki avtomobill\u0259rd\u0259n 37-i son model &ldquo;Porsche&rdquo; avtomobili olub. M\u0259rake\u015fin Kasablanka \u015f\u0259h\u0259rind\u0259n Braziliyaya getm\u0259k &uuml;&ccedil;&uuml;n yola &ccedil;\u0131xan g\u0259mi Fransan\u0131n Brest \u015f\u0259h\u0259ri sahill\u0259rind\u0259 yanma\u011fa ba\u015flay\u0131b v\u0259 bat\u0131b. &ldquo;Porsche&rdquo; \u015firk\u0259ti Braziliyadak\u0131 m&uuml;\u015ft\u0259ril\u0259rin\u0259 a&ccedil;\u0131qlama verib v\u0259 Atlantik okean\u0131nda m\u0259hv olan ma\u015f\u0131nlar\u0131n yenid\u0259n istehsal edil\u0259c\u0259yini bildirib. G\u0259mid\u0259 &ldquo;Audi&rdquo; \u015firk\u0259tin\u0259 m\u0259xsus &ldquo;A3&rdquo;, &ldquo;A5&rdquo;, &ldquo;RS4&rdquo;, &ldquo;RS5&rdquo; v\u0259 &ldquo;Q7&rdquo; modell\u0259ri d\u0259 olub.<\/p>\n<p>Fransa r\u0259smil\u0259ri bildiribl\u0259r ki, ya\u011f\u0131na s\u0259b\u0259b benzin s\u0131zmas\u0131 olub. Benzin s\u0131zmas\u0131 partlay\u0131\u015fla n\u0259tic\u0259l\u0259nib.<br \/>\n28 min tonluq g\u0259minin 27 n\u0259f\u0259r hey\u0259t &uuml;zv&uuml; 8 saatl\u0131q \u0259m\u0259liyyatla xilas edilib.\/ olke.az<\/p>\n","protected":false},"excerpt":{"rendered":"<p>\u0130taliyan\u0131n &ldquo;Grande America&rdquo; karqo g\u0259misi 2 min l&uuml;ks avtomobil il\u0259 yanaraq okean\u0131n dibin\u0259 gedib. Fransa sahill\u0259rind\u0259n 240 km aral\u0131da yanan g\u0259mid\u0259ki avtomobill\u0259rd\u0259n 37-i son model &ldquo;Porsche&rdquo; avtomobili olub. M\u0259rake\u015fin Kasablanka&hellip;<\/p>\n","protected":false},"author":1,"featured_media":251278,"comment_status":"open","ping_status":"open","sticky":false,"template":"","format":"standard","meta":{"_lmt_disableupdate":"","_lmt_disable":"","footnotes":""},"categories":[],"tags":[],"class_list":["post-76971","post","type-post","status-publish","format-standard","has-post-thumbnail","hentry"],"_links":{"self":[{"href":"https:\/\/ucnoqta.az\/index.php?rest_route=\/wp\/v2\/posts\/76971","targetHints":{"allow":["GET"]}}],"collection":[{"href":"https:\/\/ucnoqta.az\/index.php?rest_route=\/wp\/v2\/posts"}],"about":[{"href":"https:\/\/ucnoqta.az\/index.php?rest_route=\/wp\/v2\/types\/post"}],"author":[{"embeddable":true,"href":"https:\/\/ucnoqta.az\/index.php?rest_route=\/wp\/v2\/users\/1"}],"replies":[{"embeddable":true,"href":"https:\/\/ucnoqta.az\/index.php?rest_route=%2Fwp%2Fv2%2Fcomments&post=76971"}],"version-history":[{"count":0,"href":"https:\/\/ucnoqta.az\/index.php?rest_route=\/wp\/v2\/posts\/76971\/revisions"}],"wp:featuredmedia":[{"embeddable":true,"href":"https:\/\/ucnoqta.az\/index.php?rest_route=\/wp\/v2\/media\/251278"}],"wp:attachment":[{"href":"https:\/\/ucnoqta.az\/index.php?rest_route=%2Fwp%2Fv2%2Fmedia&parent=76971"}],"wp:term":[{"taxonomy":"category","embeddable":true,"href":"https:\/\/ucnoqta.az\/index.php?rest_route=%2Fwp%2Fv2%2Fcategories&post=76971"},{"taxonomy":"post_tag","embeddable":true,"href":"https:\/\/ucnoqta.az\/index.php?rest_route=%2Fwp%2Fv2%2Ftags&post=76971"}],"curies":[{"name":"wp","href":"https:\/\/api.w.org\/{rel}","templated":true}]}}