{"id":76967,"date":"2019-03-20T14:05:49","date_gmt":"2019-03-20T10:05:49","guid":{"rendered":""},"modified":"-0001-11-30T00:00:00","modified_gmt":"-0001-11-29T20:00:00","slug":"","status":"publish","type":"post","link":"https:\/\/ucnoqta.az\/?p=76967","title":{"rendered":"Bak\u0131-\u015eamax\u0131 yolunda DYP ma\u015f\u0131n\u0131 a\u015f\u0131b, x\u0259sar\u0259t alan var &#8211; <font color=red><b>Video<\/b><\/font>"},"content":{"rendered":"<p><strong>Bak\u0131-\u015eamax\u0131 avtomobil magistral\u0131nda a\u011f\u0131r yol-n\u0259qliyyat hadis\u0259si ba\u015f verib.<\/strong><\/p>\n<p>Ucnoqta.az Oxu.Az-a istinad\u0259n x\u0259b\u0259r verir ki, hadis\u0259 d&uuml;n\u0259n ax\u015fam saat 18:00 rad\u0259l\u0259rind\u0259 olub. Bel\u0259 ki, D&ouml;vl\u0259t Yol Polisin\u0259 m\u0259xsus BMW markal\u0131 avtomobil yoldan &ccedil;\u0131xaraq a\u015f\u0131b.&nbsp;Daxili \u0130\u015fl\u0259r Nazirliyinin Ba\u015f D&ouml;vl\u0259t Yol Polisi \u0130dar\u0259sind\u0259 Ba\u015f \u0130dar\u0259nin \u0130ctimaiyy\u0259tl\u0259 \u0259laq\u0259l\u0259r \u015f&ouml;b\u0259sinin r\u0259isi R&uuml;f\u0259t Quliyev bildirib ki, hadis\u0259 Bak\u0131-\u015eamax\u0131 yolunun 70-ci kilometrind\u0259 ba\u015f verib:<\/p>\n<p>&ldquo;\u0130lkin m\u0259lumata g&ouml;r\u0259, DYP-n\u0259 m\u0259xsus avtomobilin s&uuml;r&uuml;c&uuml;s&uuml; idar\u0259etm\u0259ni itirib v\u0259 ma\u015f\u0131n a\u015f\u0131b. Hadis\u0259 n\u0259tic\u0259sind\u0259 bir n\u0259f\u0259r polis \u0259m\u0259kda\u015f\u0131 x\u0259sar\u0259t al\u0131b&rdquo;.<br \/>\nR. Quliyev qeyd edib ki, faktla ba\u011fl\u0131 ara\u015fd\u0131rma apar\u0131l\u0131r.&nbsp;<\/p>\n<p><iframe allow=\"autoplay; encrypted-media\" allowfullscreen=\"\" frameborder=\"0\" height=\"315\" src=\"https:\/\/player.baku.tv\/embed\/7426\" width=\"560\"><\/iframe><\/p>\n","protected":false},"excerpt":{"rendered":"<p>Bak\u0131-\u015eamax\u0131 avtomobil magistral\u0131nda a\u011f\u0131r yol-n\u0259qliyyat hadis\u0259si ba\u015f verib. Ucnoqta.az Oxu.Az-a istinad\u0259n x\u0259b\u0259r verir ki, hadis\u0259 d&uuml;n\u0259n ax\u015fam saat 18:00 rad\u0259l\u0259rind\u0259 olub. Bel\u0259 ki, D&ouml;vl\u0259t Yol Polisin\u0259 m\u0259xsus BMW markal\u0131 avtomobil&hellip;<\/p>\n","protected":false},"author":1,"featured_media":251278,"comment_status":"open","ping_status":"open","sticky":false,"template":"","format":"standard","meta":{"_lmt_disableupdate":"","_lmt_disable":"","footnotes":""},"categories":[],"tags":[],"class_list":["post-76967","post","type-post","status-publish","format-standard","has-post-thumbnail","hentry"],"_links":{"self":[{"href":"https:\/\/ucnoqta.az\/index.php?rest_route=\/wp\/v2\/posts\/76967","targetHints":{"allow":["GET"]}}],"collection":[{"href":"https:\/\/ucnoqta.az\/index.php?rest_route=\/wp\/v2\/posts"}],"about":[{"href":"https:\/\/ucnoqta.az\/index.php?rest_route=\/wp\/v2\/types\/post"}],"author":[{"embeddable":true,"href":"https:\/\/ucnoqta.az\/index.php?rest_route=\/wp\/v2\/users\/1"}],"replies":[{"embeddable":true,"href":"https:\/\/ucnoqta.az\/index.php?rest_route=%2Fwp%2Fv2%2Fcomments&post=76967"}],"version-history":[{"count":0,"href":"https:\/\/ucnoqta.az\/index.php?rest_route=\/wp\/v2\/posts\/76967\/revisions"}],"wp:featuredmedia":[{"embeddable":true,"href":"https:\/\/ucnoqta.az\/index.php?rest_route=\/wp\/v2\/media\/251278"}],"wp:attachment":[{"href":"https:\/\/ucnoqta.az\/index.php?rest_route=%2Fwp%2Fv2%2Fmedia&parent=76967"}],"wp:term":[{"taxonomy":"category","embeddable":true,"href":"https:\/\/ucnoqta.az\/index.php?rest_route=%2Fwp%2Fv2%2Fcategories&post=76967"},{"taxonomy":"post_tag","embeddable":true,"href":"https:\/\/ucnoqta.az\/index.php?rest_route=%2Fwp%2Fv2%2Ftags&post=76967"}],"curies":[{"name":"wp","href":"https:\/\/api.w.org\/{rel}","templated":true}]}}