{"id":76963,"date":"2019-03-20T12:02:07","date_gmt":"2019-03-20T08:02:07","guid":{"rendered":""},"modified":"-0001-11-30T00:00:00","modified_gmt":"-0001-11-29T20:00:00","slug":"","status":"publish","type":"post","link":"https:\/\/ucnoqta.az\/?p=76963","title":{"rendered":"Elmar M\u0259mm\u0259dyarov \u00c7ilid\u0259 bir s\u0131ra g\u00f6r\u00fc\u015fl\u0259r ke\u00e7irib- <font color=red><b>Foto<\/b><\/font>"},"content":{"rendered":"<p><strong>Az\u0259rbaycan Respublikas\u0131n\u0131n xarici i\u015fl\u0259r naziri Elmar M\u0259mm\u0259dyarov &Ccedil;ili Respublikas\u0131na r\u0259smi s\u0259f\u0259ri &ccedil;\u0259r&ccedil;iv\u0259sind\u0259 &Ccedil;ili Milli Konqresind\u0259 bir s\u0131ra g&ouml;r&uuml;\u015fl\u0259r ke&ccedil;irib.<\/strong><\/p>\n<p>&nbsp;X\u0130N-d\u0259n Ucnoqta.az-a veril\u0259n m\u0259lumata g&ouml;r\u0259, &Ccedil;ili Senat\u0131n\u0131n s\u0259dri Xaime Kintana, Senat\u0131n Xarici \u018flaq\u0259l\u0259r Komit\u0259sinin s\u0259dri Xose Miqel \u0130nsulza, &Ccedil;ili-Az\u0259rbaycan parlamentl\u0259raras\u0131 dostluq qrupunun s\u0259dri Fransisko &Ccedil;auan v\u0259 qrupun dig\u0259r &uuml;zvl\u0259ri il\u0259 ke&ccedil;iril\u0259n g&ouml;r&uuml;\u015fl\u0259rd\u0259 Az\u0259rbaycan v\u0259 &Ccedil;ili aras\u0131nda dostluq m&uuml;nasib\u0259tl\u0259rinin inki\u015faf etm\u0259kd\u0259 oldu\u011fu, qar\u015f\u0131l\u0131ql\u0131 olaraq diplomatik t\u0259msil&ccedil;ilikl\u0259rin f\u0259aliyy\u0259t g&ouml;st\u0259rdiyi vur\u011fulan\u0131b. G&ouml;r&uuml;\u015fl\u0259rd\u0259 iqtisadi-ticar\u0259t, enerji, k\u0259nd t\u0259s\u0259rr&uuml;fat\u0131, s\u0259rmay\u0259 qoyulu\u015fu, n\u0259qliyyat, m\u0259d\u0259ni-humanitar, t\u0259hsil v\u0259 dig\u0259r sah\u0259l\u0259rd\u0259 \u0259laq\u0259l\u0259rin inki\u015faf etdirilm\u0259si &uuml;&ccedil;&uuml;n geni\u015f potensial\u0131n oldu\u011fu qeyd edil\u0259r\u0259k, ikit\u0259r\u0259fli m&uuml;nasib\u0259tl\u0259rin, eyni zamanda xalqlar\u0131m\u0131z aras\u0131nda \u0259laq\u0259l\u0259rin g&uuml;cl\u0259ndirilm\u0259sind\u0259 parlamentl\u0259raras\u0131 dostluq qruplar\u0131n\u0131n f\u0259aliyy\u0259tinin \u0259h\u0259miyy\u0259tind\u0259n b\u0259hs olunub.<\/p>\n<p>Nazir E.M\u0259mm\u0259dyarov Az\u0259rbaycan v\u0259 &Ccedil;ilinin beyn\u0259lxalq t\u0259\u015fkilatlar &ccedil;\u0259r&ccedil;iv\u0259sind\u0259 f\u0259al \u0259m\u0259kda\u015fl\u0131q etdiyini, beyn\u0259lxalq g&uuml;nd\u0259likd\u0259 duran \u0259ks\u0259r m\u0259s\u0259l\u0259l\u0259rd\u0259 m&ouml;vqel\u0259rinin &uuml;st-&uuml;st\u0259 d&uuml;\u015fd&uuml;y&uuml;n&uuml; bildirib. Bu konteksd\u0259, h\u0259r iki &ouml;lk\u0259nin Qo\u015fulmama H\u0259r\u0259kat\u0131n\u0131n &uuml;zv&uuml; oldu\u011funu vur\u011fulayaraq, Az\u0259rbaycan\u0131n Qo\u015fulmama H\u0259r\u0259kat\u0131na s\u0259drliyi &ccedil;\u0259r&ccedil;iv\u0259sind\u0259 cari ilin oktyabr ay\u0131nda h\u0259r\u0259kat\u0131n Bak\u0131da Zirv\u0259 Toplant\u0131s\u0131n\u0131n ke&ccedil;iril\u0259c\u0259yini v\u0259 &Ccedil;ili t\u0259r\u0259finin d\u0259 bu \u0259h\u0259miyy\u0259tli t\u0259dbir\u0259 d\u0259v\u0259t olundu\u011funu qeyd edib.<\/p>\n<p>Daha sonra E.M\u0259mm\u0259dyarov &Ccedil;ili Deputatlar Palatas\u0131n\u0131n Xarici \u018flaq\u0259l\u0259r Komit\u0259sinin g&uuml;nd\u0259lik sessiyas\u0131nda i\u015ftirak ed\u0259r\u0259k komit\u0259nin s\u0259dri, &Ccedil;ili-Az\u0259rbaycan parlamentl\u0259raras\u0131 dostluq qrupunun vitse-prezidenti Pablo Vidal v\u0259 komit\u0259nin v\u0259 dostluq qrupunun dig\u0259r &uuml;zvl\u0259ri il\u0259 g&ouml;r&uuml;\u015f&uuml;b. G&ouml;r&uuml;\u015fd\u0259 Az\u0259rbaycan haqq\u0131nda geni\u015f m\u0259lumat ver\u0259n nazir Elmar M\u0259mm\u0259dyarov &ouml;lk\u0259l\u0259rimiz aras\u0131nda ikit\u0259r\u0259fli m&uuml;nasib\u0259tl\u0259rin b&uuml;t&uuml;n aspektl\u0259rini n\u0259z\u0259rd\u0259n ke&ccedil;ir\u0259r\u0259k \u0259laq\u0259l\u0259rin inki\u015faf etdirilm\u0259si &uuml;&ccedil;&uuml;n kifay\u0259t q\u0259d\u0259r potensial\u0131n oldu\u011funu qeyd edib. H\u0259m&ccedil;inin, &Ccedil;ili v\u0259 Az\u0259rbaycan\u0131n beyn\u0259lxalq t\u0259\u015fkilatlar, o c&uuml;ml\u0259d\u0259n Qo\u015fulmama H\u0259r\u0259kat\u0131 &ccedil;\u0259r&ccedil;iv\u0259sind\u0259 \u0259m\u0259kda\u015fl\u0131q etm\u0259sind\u0259n v\u0259 bu x&uuml;susda, Az\u0259rbaycan\u0131n h\u0259r\u0259kata s\u0259drliyinin prioritetl\u0259rind\u0259n v\u0259 Bak\u0131da ke&ccedil;iril\u0259c\u0259k Zirv\u0259 Toplant\u0131s\u0131ndan dan\u0131\u015f\u0131b.<\/p>\n<p>G&ouml;r&uuml;\u015f zaman\u0131 Elmar M\u0259mm\u0259dyarov &uuml;mumilikd\u0259 C\u0259nubi Qafqaz regionun t\u0259hl&uuml;k\u0259sizliyi &uuml;&ccedil;&uuml;n ciddi t\u0259hdid olan Erm\u0259nistan-Az\u0259rbaycan Da\u011fl\u0131q Qaraba\u011f m&uuml;naqi\u015f\u0259si v\u0259 Erm\u0259nistan\u0131n Az\u0259rbaycana qar\u015f\u0131 davam ed\u0259n i\u015f\u011fal\u0131 v\u0259 m&uuml;naqi\u015f\u0259nin h\u0259lli &uuml;zr\u0259 dan\u0131\u015f\u0131qlar prosesinin cari v\u0259ziyy\u0259ti haqq\u0131nda m\u0259lumat ver\u0259r\u0259k, m&uuml;naqi\u015f\u0259nin BMT T\u0259hl&uuml;k\u0259sizlik \u015euras\u0131n\u0131n m\u0259lum q\u0259tnam\u0259l\u0259rin\u0259 uy\u011fun olaraq Az\u0259rbaycan\u0131n suverenliyi, \u0259razi b&uuml;t&ouml;vl&uuml;y&uuml; v\u0259 beyn\u0259lxalq s\u0259viyy\u0259d\u0259 tan\u0131nm\u0131\u015f s\u0259rh\u0259dl\u0259rinin toxunulmazl\u0131\u011f\u0131 prinsipl\u0259ri \u0259sas\u0131nda h\u0259ll edilm\u0259li oldu\u011funu v\u0259 m\u0259cburi k&ouml;&ccedil;k&uuml;nl\u0259rin &ouml;z do\u011fma yurdlar\u0131na qay\u0131tmas\u0131n\u0131n lab&uuml;d oldu\u011funu diqq\u0259t\u0259 &ccedil;atd\u0131r\u0131b.<\/p>\n<p>Elmar M\u0259mm\u0259dyarov &Ccedil;ili Deputatlar Palatas\u0131n\u0131n Erm\u0259nistan-Az\u0259rbaycan Da\u011fl\u0131q Qaraba\u011f m&uuml;naqi\u015f\u0259si &uuml;zr\u0259 BMT T\u0259hl&uuml;k\u0259sizlik \u015euras\u0131n\u0131n m&uuml;vafiq q\u0259tnam\u0259l\u0259rini r\u0259hb\u0259r tutaraq Az\u0259rbaycan\u0131n \u0259dal\u0259tli m&ouml;vqeyini, \u0259razi b&uuml;t&ouml;vl&uuml;y&uuml; v\u0259 suverenliyini d\u0259st\u0259kl\u0259diyi &uuml;&ccedil;&uuml;n t\u0259\u015f\u0259kk&uuml;r&uuml;n&uuml; bildirib.<\/p>\n","protected":false},"excerpt":{"rendered":"<p>Az\u0259rbaycan Respublikas\u0131n\u0131n xarici i\u015fl\u0259r naziri Elmar M\u0259mm\u0259dyarov &Ccedil;ili Respublikas\u0131na r\u0259smi s\u0259f\u0259ri &ccedil;\u0259r&ccedil;iv\u0259sind\u0259 &Ccedil;ili Milli Konqresind\u0259 bir s\u0131ra g&ouml;r&uuml;\u015fl\u0259r ke&ccedil;irib. &nbsp;X\u0130N-d\u0259n Ucnoqta.az-a veril\u0259n m\u0259lumata g&ouml;r\u0259, &Ccedil;ili Senat\u0131n\u0131n s\u0259dri Xaime Kintana, Senat\u0131n&hellip;<\/p>\n","protected":false},"author":1,"featured_media":251278,"comment_status":"open","ping_status":"open","sticky":false,"template":"","format":"standard","meta":{"_lmt_disableupdate":"","_lmt_disable":"","footnotes":""},"categories":[86],"tags":[],"class_list":["post-76963","post","type-post","status-publish","format-standard","has-post-thumbnail","hentry","category-siyaset"],"_links":{"self":[{"href":"https:\/\/ucnoqta.az\/index.php?rest_route=\/wp\/v2\/posts\/76963","targetHints":{"allow":["GET"]}}],"collection":[{"href":"https:\/\/ucnoqta.az\/index.php?rest_route=\/wp\/v2\/posts"}],"about":[{"href":"https:\/\/ucnoqta.az\/index.php?rest_route=\/wp\/v2\/types\/post"}],"author":[{"embeddable":true,"href":"https:\/\/ucnoqta.az\/index.php?rest_route=\/wp\/v2\/users\/1"}],"replies":[{"embeddable":true,"href":"https:\/\/ucnoqta.az\/index.php?rest_route=%2Fwp%2Fv2%2Fcomments&post=76963"}],"version-history":[{"count":0,"href":"https:\/\/ucnoqta.az\/index.php?rest_route=\/wp\/v2\/posts\/76963\/revisions"}],"wp:featuredmedia":[{"embeddable":true,"href":"https:\/\/ucnoqta.az\/index.php?rest_route=\/wp\/v2\/media\/251278"}],"wp:attachment":[{"href":"https:\/\/ucnoqta.az\/index.php?rest_route=%2Fwp%2Fv2%2Fmedia&parent=76963"}],"wp:term":[{"taxonomy":"category","embeddable":true,"href":"https:\/\/ucnoqta.az\/index.php?rest_route=%2Fwp%2Fv2%2Fcategories&post=76963"},{"taxonomy":"post_tag","embeddable":true,"href":"https:\/\/ucnoqta.az\/index.php?rest_route=%2Fwp%2Fv2%2Ftags&post=76963"}],"curies":[{"name":"wp","href":"https:\/\/api.w.org\/{rel}","templated":true}]}}