{"id":76962,"date":"2019-03-20T11:53:18","date_gmt":"2019-03-20T07:53:18","guid":{"rendered":""},"modified":"-0001-11-30T00:00:00","modified_gmt":"-0001-11-29T20:00:00","slug":"","status":"publish","type":"post","link":"https:\/\/ucnoqta.az\/?p=76962","title":{"rendered":"Az\u0259rbaycan\u0131n m\u00fcdafi\u0259 naziri Pakistana r\u0259smi s\u0259f\u0259r ed\u0259c\u0259k"},"content":{"rendered":"<p><strong>Az\u0259rbaycan Respublikas\u0131n\u0131n m&uuml;dafi\u0259 naziri general-polkovnik&nbsp;Zakir H\u0259s\u0259novun r\u0259hb\u0259rlik etdiyi n&uuml;may\u0259nd\u0259 hey\u0259ti mart\u0131n 21-d\u0259 Pakistan \u0130slam Respublikas\u0131na r\u0259smi s\u0259f\u0259r\u0259 ged\u0259c\u0259k.<\/strong><\/p>\n<p>Ucnoqta.az M&uuml;dafi\u0259 Nazirliyin\u0259 istinad\u0259n x\u0259b\u0259r verir ki, s\u0259f\u0259r &ccedil;\u0259r&ccedil;iv\u0259sind\u0259 Pakistan\u0131n d&ouml;vl\u0259t r\u0259hb\u0259rliyi, h\u0259rbi v\u0259 dig\u0259r strukturlar\u0131n\u0131n r\u0259smil\u0259ri il\u0259 ke&ccedil;iril\u0259c\u0259k g&ouml;r&uuml;\u015fl\u0259rd\u0259 h\u0259rbi, h\u0259rbi-texniki, h\u0259rbi t\u0259hsil v\u0259 bir s\u0131ra dig\u0259r sah\u0259l\u0259rd\u0259 \u0259m\u0259kda\u015fl\u0131\u011f\u0131n geni\u015fl\u0259ndirilm\u0259si m\u0259s\u0259l\u0259l\u0259rinin m&uuml;zakir\u0259si n\u0259z\u0259rd\u0259 tutulub.<\/p>\n<p>Bununla yana\u015f\u0131, general-polkovnik Z.H\u0259s\u0259nov mart\u0131n 23-d\u0259 Pakistan\u0131n &ldquo;Milli G&uuml;n&uuml;&rdquo;n\u0259 h\u0259sr olunmu\u015f h\u0259rbi paradda f\u0259xri qonaq qismind\u0259 i\u015ftirak ed\u0259c\u0259k.<\/p>\n<p>Bir &ccedil;ox d&ouml;vl\u0259tl\u0259rin silahl\u0131 q&uuml;vv\u0259l\u0259rinin n&uuml;may\u0259nd\u0259l\u0259rinin qat\u0131ld\u0131\u011f\u0131 h\u0259rbi paradda &ouml;lk\u0259mizi Az\u0259rbaycan Ordusunun parad hey\u0259ti t\u0259msil ed\u0259c\u0259k.<\/p>\n","protected":false},"excerpt":{"rendered":"<p>Az\u0259rbaycan Respublikas\u0131n\u0131n m&uuml;dafi\u0259 naziri general-polkovnik&nbsp;Zakir H\u0259s\u0259novun r\u0259hb\u0259rlik etdiyi n&uuml;may\u0259nd\u0259 hey\u0259ti mart\u0131n 21-d\u0259 Pakistan \u0130slam Respublikas\u0131na r\u0259smi s\u0259f\u0259r\u0259 ged\u0259c\u0259k. Ucnoqta.az M&uuml;dafi\u0259 Nazirliyin\u0259 istinad\u0259n x\u0259b\u0259r verir ki, s\u0259f\u0259r &ccedil;\u0259r&ccedil;iv\u0259sind\u0259 Pakistan\u0131n d&ouml;vl\u0259t r\u0259hb\u0259rliyi,&hellip;<\/p>\n","protected":false},"author":1,"featured_media":251278,"comment_status":"open","ping_status":"open","sticky":false,"template":"","format":"standard","meta":{"_lmt_disableupdate":"","_lmt_disable":"","footnotes":""},"categories":[],"tags":[],"class_list":["post-76962","post","type-post","status-publish","format-standard","has-post-thumbnail","hentry"],"_links":{"self":[{"href":"https:\/\/ucnoqta.az\/index.php?rest_route=\/wp\/v2\/posts\/76962","targetHints":{"allow":["GET"]}}],"collection":[{"href":"https:\/\/ucnoqta.az\/index.php?rest_route=\/wp\/v2\/posts"}],"about":[{"href":"https:\/\/ucnoqta.az\/index.php?rest_route=\/wp\/v2\/types\/post"}],"author":[{"embeddable":true,"href":"https:\/\/ucnoqta.az\/index.php?rest_route=\/wp\/v2\/users\/1"}],"replies":[{"embeddable":true,"href":"https:\/\/ucnoqta.az\/index.php?rest_route=%2Fwp%2Fv2%2Fcomments&post=76962"}],"version-history":[{"count":0,"href":"https:\/\/ucnoqta.az\/index.php?rest_route=\/wp\/v2\/posts\/76962\/revisions"}],"wp:featuredmedia":[{"embeddable":true,"href":"https:\/\/ucnoqta.az\/index.php?rest_route=\/wp\/v2\/media\/251278"}],"wp:attachment":[{"href":"https:\/\/ucnoqta.az\/index.php?rest_route=%2Fwp%2Fv2%2Fmedia&parent=76962"}],"wp:term":[{"taxonomy":"category","embeddable":true,"href":"https:\/\/ucnoqta.az\/index.php?rest_route=%2Fwp%2Fv2%2Fcategories&post=76962"},{"taxonomy":"post_tag","embeddable":true,"href":"https:\/\/ucnoqta.az\/index.php?rest_route=%2Fwp%2Fv2%2Ftags&post=76962"}],"curies":[{"name":"wp","href":"https:\/\/api.w.org\/{rel}","templated":true}]}}