{"id":76959,"date":"2019-03-20T11:11:23","date_gmt":"2019-03-20T07:11:23","guid":{"rendered":""},"modified":"-0001-11-30T00:00:00","modified_gmt":"-0001-11-29T20:00:00","slug":"","status":"publish","type":"post","link":"https:\/\/ucnoqta.az\/?p=76959","title":{"rendered":"Prezident \u0130lham \u018fliyev: <font color=red><b>Az\u0259rbaycan infrastruktur bax\u0131m\u0131ndan \u00e7ox s\u00fcr\u0259tl\u0259 inki\u015faf edir<\/b><\/font>"},"content":{"rendered":"<p><strong>Az\u0259rbaycan infrastruktur bax\u0131m\u0131ndan &ccedil;ox s&uuml;r\u0259tl\u0259 inki\u015faf edir.<\/strong><\/p>\n<p>Bunu Prezident \u0130lham \u018fliyev Novruz bayram\u0131 m&uuml;nasib\u0259til\u0259 Az\u0259rbaycan xalq\u0131na t\u0259brikind\u0259 deyib. D&ouml;vl\u0259timizin ba\u015f&ccedil;\u0131s\u0131 qeyd edib:<\/p>\n<p>&ldquo;Ke&ccedil;\u0259n il biz regionlar\u0131n sosial-iqtisadi inki\u015faf\u0131na dair &uuml;&ccedil;&uuml;nc&uuml; D&ouml;vl\u0259t Proqram\u0131n\u0131n icras\u0131n\u0131 t\u0259min etdik. Proqram art\u0131qlamas\u0131 il\u0259 icra edildi v\u0259 &uuml;&ccedil; proqram\u0131n icras\u0131 b&ouml;y&uuml;k d\u0259yi\u015fiklikl\u0259r\u0259 g\u0259tirib &ccedil;\u0131xard\u0131. Biz dem\u0259k olar ki, b&uuml;t&uuml;n infrastruktur layih\u0259l\u0259rimizi yenid\u0259n qurduq. Az\u0259rbaycan infrastruktur bax\u0131m\u0131ndan &ccedil;ox s&uuml;r\u0259tl\u0259 inki\u015faf edir. T\u0259kc\u0259 onu dem\u0259k kifay\u0259tdir ki, biz &uuml;&ccedil; proqram &ccedil;\u0259r&ccedil;iv\u0259sind\u0259 elektrik enerjisini ixrac etm\u0259y\u0259 ba\u015flam\u0131\u015f\u0131q, &ouml;lk\u0259 daxilind\u0259 t\u0259minat tam t\u0259\u015fkil edilir. Baxmayaraq ki, \u0259vv\u0259lki ill\u0259rd\u0259 biz idxaldan as\u0131l\u0131 idik. Biz qazla\u015fd\u0131rman\u0131 95 faiz\u0259 &ccedil;atd\u0131rm\u0131\u015f\u0131q v\u0259 bu, d&uuml;nya miqyas\u0131nda \u0259n b&ouml;y&uuml;k, \u0259n y&uuml;ks\u0259k g&ouml;st\u0259ricil\u0259rd\u0259n biridir&rdquo;.<\/p>\n<p>\u0130lham \u018fliyev vur\u011fulay\u0131b ki, \u015f\u0259h\u0259rl\u0259rimizin \u0259ks\u0259riyy\u0259tin\u0259 t\u0259miz i&ccedil;m\u0259li su x\u0259tl\u0259ri &ccedil;\u0259kildi v\u0259 bu proses davam etdirilir: &ldquo;On be\u015f min kilometr yeni yol &ccedil;\u0259kildi v\u0259 Davos &Uuml;mumd&uuml;nya \u0130qtisadi Forumunun hesablamalar\u0131na g&ouml;r\u0259 yol infrastrukturunun s\u0259viyy\u0259si, keyfiyy\u0259ti bax\u0131m\u0131ndan Az\u0259rbaycan d&uuml;nya miqyas\u0131nda 34-c&uuml; yerd\u0259dir. Sosial infrastruktur obyektl\u0259ri in\u015fa olundu, 3200-d\u0259n &ccedil;ox m\u0259kt\u0259b, 640-dan &ccedil;ox tibb m&uuml;\u0259ssis\u0259si tikildi v\u0259 ya yenid\u0259n quruldu. \u0130ki milyondan &ccedil;ox yeni i\u015f yeri yarad\u0131lm\u0131\u015fd\u0131r. \u018fhali is\u0259 1,6 milyon artm\u0131\u015fd\u0131r&rdquo;.<br \/>\ntrend<\/p>\n","protected":false},"excerpt":{"rendered":"<p>Az\u0259rbaycan infrastruktur bax\u0131m\u0131ndan &ccedil;ox s&uuml;r\u0259tl\u0259 inki\u015faf edir. Bunu Prezident \u0130lham \u018fliyev Novruz bayram\u0131 m&uuml;nasib\u0259til\u0259 Az\u0259rbaycan xalq\u0131na t\u0259brikind\u0259 deyib. D&ouml;vl\u0259timizin ba\u015f&ccedil;\u0131s\u0131 qeyd edib: &ldquo;Ke&ccedil;\u0259n il biz regionlar\u0131n sosial-iqtisadi inki\u015faf\u0131na dair &uuml;&ccedil;&uuml;nc&uuml;&hellip;<\/p>\n","protected":false},"author":1,"featured_media":251278,"comment_status":"open","ping_status":"open","sticky":false,"template":"","format":"standard","meta":{"_lmt_disableupdate":"","_lmt_disable":"","footnotes":""},"categories":[],"tags":[],"class_list":["post-76959","post","type-post","status-publish","format-standard","has-post-thumbnail","hentry"],"_links":{"self":[{"href":"https:\/\/ucnoqta.az\/index.php?rest_route=\/wp\/v2\/posts\/76959","targetHints":{"allow":["GET"]}}],"collection":[{"href":"https:\/\/ucnoqta.az\/index.php?rest_route=\/wp\/v2\/posts"}],"about":[{"href":"https:\/\/ucnoqta.az\/index.php?rest_route=\/wp\/v2\/types\/post"}],"author":[{"embeddable":true,"href":"https:\/\/ucnoqta.az\/index.php?rest_route=\/wp\/v2\/users\/1"}],"replies":[{"embeddable":true,"href":"https:\/\/ucnoqta.az\/index.php?rest_route=%2Fwp%2Fv2%2Fcomments&post=76959"}],"version-history":[{"count":0,"href":"https:\/\/ucnoqta.az\/index.php?rest_route=\/wp\/v2\/posts\/76959\/revisions"}],"wp:featuredmedia":[{"embeddable":true,"href":"https:\/\/ucnoqta.az\/index.php?rest_route=\/wp\/v2\/media\/251278"}],"wp:attachment":[{"href":"https:\/\/ucnoqta.az\/index.php?rest_route=%2Fwp%2Fv2%2Fmedia&parent=76959"}],"wp:term":[{"taxonomy":"category","embeddable":true,"href":"https:\/\/ucnoqta.az\/index.php?rest_route=%2Fwp%2Fv2%2Fcategories&post=76959"},{"taxonomy":"post_tag","embeddable":true,"href":"https:\/\/ucnoqta.az\/index.php?rest_route=%2Fwp%2Fv2%2Ftags&post=76959"}],"curies":[{"name":"wp","href":"https:\/\/api.w.org\/{rel}","templated":true}]}}