{"id":76957,"date":"2019-03-20T10:55:46","date_gmt":"2019-03-20T06:55:46","guid":{"rendered":""},"modified":"-0001-11-30T00:00:00","modified_gmt":"-0001-11-29T20:00:00","slug":"","status":"publish","type":"post","link":"https:\/\/ucnoqta.az\/?p=76957","title":{"rendered":"\u0130lham \u018fliyev: <font color=red><b>&#8220;\u0130slahatlar d\u0259rinl\u0259\u015f\u0259c\u0259k&#8221;<\/b><\/font>"},"content":{"rendered":"<p><strong>Az\u0259rbaycan Prezidenti: H\u0259r bir sah\u0259d\u0259 islahatlar\u0131n apar\u0131lmas\u0131 il\u0259 ba\u011fl\u0131 m&uuml;vafiq g&ouml;st\u0259ri\u015fl\u0259r verilib v\u0259 s\u0259n\u0259dl\u0259r paketi haz\u0131rlan\u0131r<\/strong><\/p>\n<p>H\u0259r bir sah\u0259d\u0259 islahatlar\u0131n apar\u0131lmas\u0131 il\u0259 ba\u011fl\u0131 m&uuml;vafiq g&ouml;st\u0259ri\u015fl\u0259r verilib v\u0259 s\u0259n\u0259dl\u0259r paketi haz\u0131rlan\u0131r. Bunu Prezident \u0130lham \u018fliyev Novruz bayram\u0131 m&uuml;nasib\u0259til\u0259 Az\u0259rbaycan xalq\u0131na t\u0259brikind\u0259 deyib.<\/p>\n<p>D&ouml;vl\u0259timizin ba\u015f&ccedil;\u0131s\u0131 qeyd edib ki, islahatlar d\u0259rinl\u0259\u015f\u0259c\u0259k. \u0130slahatlara alternativ yoxdur:<br \/>\n&ldquo;Siyasi islahatlar, iqtisadi islahatlar, sosial sah\u0259d\u0259 islahatlar, m\u0259hk\u0259m\u0259-h&uuml;quq sistemind\u0259 islahatlar, &#8211; art\u0131q m&uuml;vafiq g&ouml;st\u0259ri\u015fl\u0259r verilib v\u0259 s\u0259n\u0259dl\u0259r paketi haz\u0131rlan\u0131r, &#8211; t\u0259hsil, s\u0259hiyy\u0259 sah\u0259l\u0259rind\u0259, h\u0259r bir sah\u0259d\u0259, Az\u0259rbaycan yeni d&ouml;vr\u0259 q\u0259d\u0259m qoyub. Az\u0259rbaycan yenil\u0259\u015fir, Az\u0259rbaycan g&uuml;cl\u0259nir v\u0259 m&uuml;asirl\u0259\u015fir. Biz d\u0259rin milli-m\u0259n\u0259vi k&ouml;kl\u0259r &uuml;z\u0259rind\u0259 g&uuml;cl&uuml; d&ouml;vl\u0259t qurmu\u015fuq&rdquo;.<\/p>\n<p>\u0130lham \u018fliyev bildirib ki, Az\u0259rbaycan tarixd\u0259 he&ccedil; vaxt indiki q\u0259d\u0259r g&uuml;cl&uuml; olmay\u0131b: &ldquo;Ancaq o dem\u0259k deyil ki, \u0259ld\u0259 edilmi\u015f bu nailiyy\u0259tl\u0259rl\u0259 kifay\u0259tl\u0259nm\u0259liyik. \u018fld\u0259 edilmi\u015f nailiyy\u0259tl\u0259r bizi g\u0259l\u0259c\u0259y\u0259 daha da nikbinlikl\u0259 baxma\u011fa h\u0259v\u0259sl\u0259ndirir, buna s&ouml;vq edir.<\/p>\n<p>M\u0259n tam \u0259min\u0259m ki, bu ili biz u\u011furla ba\u015fa vuraca\u011f\u0131q. Bundan sonra Az\u0259rbaycan yaln\u0131z v\u0259 yaln\u0131z inki\u015faf v\u0259 t\u0259r\u0259qqi yolu il\u0259 ged\u0259c\u0259k, v\u0259t\u0259nda\u015flar\u0131n sosial v\u0259ziyy\u0259ti ild\u0259n-il\u0259 yax\u015f\u0131la\u015facaq&rdquo;.<\/p>\n","protected":false},"excerpt":{"rendered":"<p>Az\u0259rbaycan Prezidenti: H\u0259r bir sah\u0259d\u0259 islahatlar\u0131n apar\u0131lmas\u0131 il\u0259 ba\u011fl\u0131 m&uuml;vafiq g&ouml;st\u0259ri\u015fl\u0259r verilib v\u0259 s\u0259n\u0259dl\u0259r paketi haz\u0131rlan\u0131r H\u0259r bir sah\u0259d\u0259 islahatlar\u0131n apar\u0131lmas\u0131 il\u0259 ba\u011fl\u0131 m&uuml;vafiq g&ouml;st\u0259ri\u015fl\u0259r verilib v\u0259 s\u0259n\u0259dl\u0259r paketi haz\u0131rlan\u0131r.&hellip;<\/p>\n","protected":false},"author":1,"featured_media":251278,"comment_status":"open","ping_status":"open","sticky":false,"template":"","format":"standard","meta":{"_lmt_disableupdate":"","_lmt_disable":"","footnotes":""},"categories":[],"tags":[],"class_list":["post-76957","post","type-post","status-publish","format-standard","has-post-thumbnail","hentry"],"_links":{"self":[{"href":"https:\/\/ucnoqta.az\/index.php?rest_route=\/wp\/v2\/posts\/76957","targetHints":{"allow":["GET"]}}],"collection":[{"href":"https:\/\/ucnoqta.az\/index.php?rest_route=\/wp\/v2\/posts"}],"about":[{"href":"https:\/\/ucnoqta.az\/index.php?rest_route=\/wp\/v2\/types\/post"}],"author":[{"embeddable":true,"href":"https:\/\/ucnoqta.az\/index.php?rest_route=\/wp\/v2\/users\/1"}],"replies":[{"embeddable":true,"href":"https:\/\/ucnoqta.az\/index.php?rest_route=%2Fwp%2Fv2%2Fcomments&post=76957"}],"version-history":[{"count":0,"href":"https:\/\/ucnoqta.az\/index.php?rest_route=\/wp\/v2\/posts\/76957\/revisions"}],"wp:featuredmedia":[{"embeddable":true,"href":"https:\/\/ucnoqta.az\/index.php?rest_route=\/wp\/v2\/media\/251278"}],"wp:attachment":[{"href":"https:\/\/ucnoqta.az\/index.php?rest_route=%2Fwp%2Fv2%2Fmedia&parent=76957"}],"wp:term":[{"taxonomy":"category","embeddable":true,"href":"https:\/\/ucnoqta.az\/index.php?rest_route=%2Fwp%2Fv2%2Fcategories&post=76957"},{"taxonomy":"post_tag","embeddable":true,"href":"https:\/\/ucnoqta.az\/index.php?rest_route=%2Fwp%2Fv2%2Ftags&post=76957"}],"curies":[{"name":"wp","href":"https:\/\/api.w.org\/{rel}","templated":true}]}}