{"id":76953,"date":"2019-03-19T23:48:59","date_gmt":"2019-03-19T19:48:59","guid":{"rendered":""},"modified":"-0001-11-30T00:00:00","modified_gmt":"-0001-11-29T20:00:00","slug":"","status":"publish","type":"post","link":"https:\/\/ucnoqta.az\/?p=76953","title":{"rendered":"Mehriban \u018fliyeva: <font color=red><b>&#8220;Sizin sevginiz bizim \u0259n b\u00f6y\u00fck g\u00fcc v\u0259 ilham m\u0259nb\u0259yimizdir!&#8221;<\/b><\/font>"},"content":{"rendered":"<p><strong>Birinci vitse-prezident Mehriban \u018fliyeva Az\u0259rbaycan xalq\u0131n\u0131 Novruz bayram\u0131 m&uuml;nasib\u0259til\u0259 t\u0259brik edib.<\/strong><\/p>\n<p>Birinci vitse-prezidentin r\u0259smi &quot;\u0130nstagram&quot; hesab\u0131nda d\u0259rc olunan t\u0259brikd\u0259 deyilir:<br \/>\n&quot;\u018fziz dostlar! S\u0259mimi t\u0259brikl\u0259riniz\u0259, xo\u015f arzular\u0131n\u0131za, sevgi v\u0259 d\u0259st\u0259yiniz\u0259 g&ouml;r\u0259 sizin h\u0259r biriniz\u0259 &ouml;z ad\u0131mdan v\u0259 Prezidentin ad\u0131ndan d\u0259rin minn\u0259tdarl\u0131\u011f\u0131m\u0131 bildirir\u0259m!<\/p>\n<p>Biz sizin xo\u015f m&uuml;nasib\u0259tinizi daim hiss edirik v\u0259 m\u0259hz sizin sevginiz bizim \u0259n b&ouml;y&uuml;k g&uuml;c v\u0259 ilham m\u0259nb\u0259yimizdir!<br \/>\nB&ouml;y&uuml;k Az\u0259rbaycan xalq\u0131n\u0131n &ouml;vladlar\u0131ndan biri oldu\u011fuma v\u0259 xalq\u0131mla birg\u0259 oldu\u011fuma g&ouml;r\u0259 xo\u015fb\u0259xt\u0259m!<\/p>\n<p>B&uuml;t&uuml;n Az\u0259rbaycan xalq\u0131n\u0131 bayram m&uuml;nasib\u0259til\u0259 t\u0259brik edir\u0259m! Allah V\u0259t\u0259nimizi qorusun, s&uuml;lh v\u0259 \u0259min-amanl\u0131q b\u0259x\u015f etsin! H\u0259r biriniz\u0259 cansa\u011fl\u0131\u011f\u0131, xo\u015fb\u0259xtlik, t&uuml;k\u0259nm\u0259z ayd\u0131nl\u0131q, xo\u015f g&uuml;z\u0259ran v\u0259 sevgi arzulay\u0131ram!<\/p>\n<p>Ham\u0131n\u0131za d\u0259rin t\u0259\u015f\u0259kk&uuml;r&uuml;m&uuml; bildirir\u0259m!&quot;<\/p>\n<p>Trend<\/p>\n","protected":false},"excerpt":{"rendered":"<p>Birinci vitse-prezident Mehriban \u018fliyeva Az\u0259rbaycan xalq\u0131n\u0131 Novruz bayram\u0131 m&uuml;nasib\u0259til\u0259 t\u0259brik edib. Birinci vitse-prezidentin r\u0259smi &quot;\u0130nstagram&quot; hesab\u0131nda d\u0259rc olunan t\u0259brikd\u0259 deyilir: &quot;\u018fziz dostlar! S\u0259mimi t\u0259brikl\u0259riniz\u0259, xo\u015f arzular\u0131n\u0131za, sevgi v\u0259 d\u0259st\u0259yiniz\u0259 g&ouml;r\u0259&hellip;<\/p>\n","protected":false},"author":1,"featured_media":251278,"comment_status":"open","ping_status":"open","sticky":false,"template":"","format":"standard","meta":{"_lmt_disableupdate":"","_lmt_disable":"","footnotes":""},"categories":[],"tags":[],"class_list":["post-76953","post","type-post","status-publish","format-standard","has-post-thumbnail","hentry"],"_links":{"self":[{"href":"https:\/\/ucnoqta.az\/index.php?rest_route=\/wp\/v2\/posts\/76953","targetHints":{"allow":["GET"]}}],"collection":[{"href":"https:\/\/ucnoqta.az\/index.php?rest_route=\/wp\/v2\/posts"}],"about":[{"href":"https:\/\/ucnoqta.az\/index.php?rest_route=\/wp\/v2\/types\/post"}],"author":[{"embeddable":true,"href":"https:\/\/ucnoqta.az\/index.php?rest_route=\/wp\/v2\/users\/1"}],"replies":[{"embeddable":true,"href":"https:\/\/ucnoqta.az\/index.php?rest_route=%2Fwp%2Fv2%2Fcomments&post=76953"}],"version-history":[{"count":0,"href":"https:\/\/ucnoqta.az\/index.php?rest_route=\/wp\/v2\/posts\/76953\/revisions"}],"wp:featuredmedia":[{"embeddable":true,"href":"https:\/\/ucnoqta.az\/index.php?rest_route=\/wp\/v2\/media\/251278"}],"wp:attachment":[{"href":"https:\/\/ucnoqta.az\/index.php?rest_route=%2Fwp%2Fv2%2Fmedia&parent=76953"}],"wp:term":[{"taxonomy":"category","embeddable":true,"href":"https:\/\/ucnoqta.az\/index.php?rest_route=%2Fwp%2Fv2%2Fcategories&post=76953"},{"taxonomy":"post_tag","embeddable":true,"href":"https:\/\/ucnoqta.az\/index.php?rest_route=%2Fwp%2Fv2%2Ftags&post=76953"}],"curies":[{"name":"wp","href":"https:\/\/api.w.org\/{rel}","templated":true}]}}