{"id":75058,"date":"2019-02-13T21:13:45","date_gmt":"2019-02-13T17:13:45","guid":{"rendered":""},"modified":"-0001-11-30T00:00:00","modified_gmt":"-0001-11-29T20:00:00","slug":"","status":"publish","type":"post","link":"https:\/\/ucnoqta.az\/?p=75058","title":{"rendered":"Heyd\u0259r \u018fliyev prospektind\u0259 h\u0259r\u0259k\u0259t m\u0259hdudla\u015fd\u0131r\u0131l\u0131r &#8211; <font color=red><b>Yeralt\u0131 ke\u00e7id tikilir<\/b><\/font>"},"content":{"rendered":"<p><strong>Heyd\u0259r \u018fliyev prospektinin k&ouml;m\u0259k&ccedil;i yolunda h\u0259r\u0259k\u0259t q\u0131sa m&uuml;dd\u0259tlik m\u0259hdudla\u015fd\u0131r\u0131l\u0131r.<\/strong><\/p>\n<p>Az\u0259rbaycan Avtomobil Yollar\u0131 D&ouml;vl\u0259t Agentliyind\u0259n Trend-\u0259 veril\u0259n m\u0259lumata g&ouml;r\u0259, Bak\u0131 \u015f\u0259h\u0259ri, Heyd\u0259r \u018fliyev prospektind\u0259 yeralt\u0131 piyada ke&ccedil;idinin tikintisi il\u0259 \u0259laq\u0259dar olaraq bu g&uuml;n saat 23:00-dan etibar\u0259n Koro\u011flu metrostansiyas\u0131ndan \u015f\u0259h\u0259r istiqam\u0259tin\u0259 do\u011fru prospektin k&ouml;m\u0259k&ccedil;i yolunda h\u0259r\u0259k\u0259t q\u0131sam&uuml;dd\u0259tli m\u0259hdudla\u015fd\u0131r\u0131lacaq.<\/p>\n<p>Avtomobill\u0259rin h\u0259r\u0259k\u0259ti bu zaman k&ouml;m\u0259k&ccedil;i yoldan \u0259sas yola istiqam\u0259tl\u0259ndiril\u0259c\u0259k.<br \/>\nYarana bil\u0259c\u0259k m&uuml;v\u0259qq\u0259ti narahatl\u0131\u011fa g&ouml;r\u0259 v\u0259t\u0259nda\u015flardan &uuml;zr ist\u0259yirik v\u0259 s&uuml;r&uuml;c&uuml;l\u0259rd\u0259n apar\u0131lan i\u015fl\u0259r\u0259 anlay\u0131\u015fla yana\u015fmalar\u0131n\u0131 xahi\u015f edirik.<\/p>\n","protected":false},"excerpt":{"rendered":"<p>Heyd\u0259r \u018fliyev prospektinin k&ouml;m\u0259k&ccedil;i yolunda h\u0259r\u0259k\u0259t q\u0131sa m&uuml;dd\u0259tlik m\u0259hdudla\u015fd\u0131r\u0131l\u0131r. Az\u0259rbaycan Avtomobil Yollar\u0131 D&ouml;vl\u0259t Agentliyind\u0259n Trend-\u0259 veril\u0259n m\u0259lumata g&ouml;r\u0259, Bak\u0131 \u015f\u0259h\u0259ri, Heyd\u0259r \u018fliyev prospektind\u0259 yeralt\u0131 piyada ke&ccedil;idinin tikintisi il\u0259 \u0259laq\u0259dar olaraq&hellip;<\/p>\n","protected":false},"author":1,"featured_media":251278,"comment_status":"open","ping_status":"open","sticky":false,"template":"","format":"standard","meta":{"_lmt_disableupdate":"","_lmt_disable":"","footnotes":""},"categories":[],"tags":[],"class_list":["post-75058","post","type-post","status-publish","format-standard","has-post-thumbnail","hentry"],"_links":{"self":[{"href":"https:\/\/ucnoqta.az\/index.php?rest_route=\/wp\/v2\/posts\/75058","targetHints":{"allow":["GET"]}}],"collection":[{"href":"https:\/\/ucnoqta.az\/index.php?rest_route=\/wp\/v2\/posts"}],"about":[{"href":"https:\/\/ucnoqta.az\/index.php?rest_route=\/wp\/v2\/types\/post"}],"author":[{"embeddable":true,"href":"https:\/\/ucnoqta.az\/index.php?rest_route=\/wp\/v2\/users\/1"}],"replies":[{"embeddable":true,"href":"https:\/\/ucnoqta.az\/index.php?rest_route=%2Fwp%2Fv2%2Fcomments&post=75058"}],"version-history":[{"count":0,"href":"https:\/\/ucnoqta.az\/index.php?rest_route=\/wp\/v2\/posts\/75058\/revisions"}],"wp:featuredmedia":[{"embeddable":true,"href":"https:\/\/ucnoqta.az\/index.php?rest_route=\/wp\/v2\/media\/251278"}],"wp:attachment":[{"href":"https:\/\/ucnoqta.az\/index.php?rest_route=%2Fwp%2Fv2%2Fmedia&parent=75058"}],"wp:term":[{"taxonomy":"category","embeddable":true,"href":"https:\/\/ucnoqta.az\/index.php?rest_route=%2Fwp%2Fv2%2Fcategories&post=75058"},{"taxonomy":"post_tag","embeddable":true,"href":"https:\/\/ucnoqta.az\/index.php?rest_route=%2Fwp%2Fv2%2Ftags&post=75058"}],"curies":[{"name":"wp","href":"https:\/\/api.w.org\/{rel}","templated":true}]}}