{"id":75055,"date":"2019-02-13T20:31:00","date_gmt":"2019-02-13T16:31:00","guid":{"rendered":""},"modified":"-0001-11-30T00:00:00","modified_gmt":"-0001-11-29T20:00:00","slug":"","status":"publish","type":"post","link":"https:\/\/ucnoqta.az\/?p=75055","title":{"rendered":"Mehriban \u018fliyeva beyl\u0259qanl\u0131lara t\u0259\u015f\u0259kk\u00fcr etdi: <font color=red><b>&#8220;\u0130nsanlar\u0131n b\u00f6y\u00fck sevgisi &#8230;&#8221; &#8211; Video<\/b><\/font>"},"content":{"rendered":"<p><strong>Az\u0259rbaycan\u0131n Birinci vitse-prezidenti, Heyd\u0259r \u018fliyev Fondunun prezidenti Mehriban \u018fliyeva bu g&uuml;n Az\u0259rbaycan Prezidenti \u0130lham \u018fliyevin Beyl\u0259qana s\u0259f\u0259ri zaman\u0131 d&ouml;vl\u0259t ba\u015f&ccedil;\u0131s\u0131na g&ouml;st\u0259ril\u0259n s\u0259mimi q\u0259bula g&ouml;r\u0259 Beyl\u0259qan sakinl\u0259rin\u0259 t\u0259\u015f\u0259kk&uuml;r&uuml;n&uuml; bildirib.<\/p>\n<p>\u200b<\/strong>Bu bar\u0259d\u0259 Az\u0259rbaycan\u0131n Birinci vitse-prezidenti Mehriban \u018fliyevan\u0131n r\u0259smi &quot;\u0130nstagram&quot; s\u0259hif\u0259sind\u0259 yaz\u0131l\u0131b:<\/p>\n<p>&quot;\u0130nsanlar\u0131n b&ouml;y&uuml;k sevgisi Prezidentimiz &uuml;&ccedil;&uuml;n \u0259n yax\u015f\u0131 g&uuml;c m\u0259nb\u0259yidir! B&uuml;t&uuml;n beyl\u0259qanl\u0131lara Prezident\u0259 g&ouml;st\u0259ril\u0259n s\u0259mimi q\u0259bula g&ouml;r\u0259 t\u0259\u015f\u0259kk&uuml;r&uuml;m&uuml; bildirir\u0259m!&quot;.<\/p>\n<p><iframe allow=\"autoplay\" allowfullscreen=\"\" frameborder=\"0\" height=\"315\" src=\"\/\/ok.ru\/videoembed\/1110659697258\" width=\"560\"><\/iframe><\/p>\n","protected":false},"excerpt":{"rendered":"<p>Az\u0259rbaycan\u0131n Birinci vitse-prezidenti, Heyd\u0259r \u018fliyev Fondunun prezidenti Mehriban \u018fliyeva bu g&uuml;n Az\u0259rbaycan Prezidenti \u0130lham \u018fliyevin Beyl\u0259qana s\u0259f\u0259ri zaman\u0131 d&ouml;vl\u0259t ba\u015f&ccedil;\u0131s\u0131na g&ouml;st\u0259ril\u0259n s\u0259mimi q\u0259bula g&ouml;r\u0259 Beyl\u0259qan sakinl\u0259rin\u0259 t\u0259\u015f\u0259kk&uuml;r&uuml;n&uuml; bildirib. \u200bBu bar\u0259d\u0259&hellip;<\/p>\n","protected":false},"author":1,"featured_media":251278,"comment_status":"open","ping_status":"open","sticky":false,"template":"","format":"standard","meta":{"_lmt_disableupdate":"","_lmt_disable":"","footnotes":""},"categories":[],"tags":[],"class_list":["post-75055","post","type-post","status-publish","format-standard","has-post-thumbnail","hentry"],"_links":{"self":[{"href":"https:\/\/ucnoqta.az\/index.php?rest_route=\/wp\/v2\/posts\/75055","targetHints":{"allow":["GET"]}}],"collection":[{"href":"https:\/\/ucnoqta.az\/index.php?rest_route=\/wp\/v2\/posts"}],"about":[{"href":"https:\/\/ucnoqta.az\/index.php?rest_route=\/wp\/v2\/types\/post"}],"author":[{"embeddable":true,"href":"https:\/\/ucnoqta.az\/index.php?rest_route=\/wp\/v2\/users\/1"}],"replies":[{"embeddable":true,"href":"https:\/\/ucnoqta.az\/index.php?rest_route=%2Fwp%2Fv2%2Fcomments&post=75055"}],"version-history":[{"count":0,"href":"https:\/\/ucnoqta.az\/index.php?rest_route=\/wp\/v2\/posts\/75055\/revisions"}],"wp:featuredmedia":[{"embeddable":true,"href":"https:\/\/ucnoqta.az\/index.php?rest_route=\/wp\/v2\/media\/251278"}],"wp:attachment":[{"href":"https:\/\/ucnoqta.az\/index.php?rest_route=%2Fwp%2Fv2%2Fmedia&parent=75055"}],"wp:term":[{"taxonomy":"category","embeddable":true,"href":"https:\/\/ucnoqta.az\/index.php?rest_route=%2Fwp%2Fv2%2Fcategories&post=75055"},{"taxonomy":"post_tag","embeddable":true,"href":"https:\/\/ucnoqta.az\/index.php?rest_route=%2Fwp%2Fv2%2Ftags&post=75055"}],"curies":[{"name":"wp","href":"https:\/\/api.w.org\/{rel}","templated":true}]}}