{"id":72740,"date":"2018-12-23T11:24:12","date_gmt":"2018-12-23T07:24:12","guid":{"rendered":""},"modified":"-0001-11-30T00:00:00","modified_gmt":"-0001-11-29T20:00:00","slug":"","status":"publish","type":"post","link":"https:\/\/ucnoqta.az\/?p=72740","title":{"rendered":"<font color=red><b>\u0130lham \u018fliyev T\u00fcrkiy\u0259d\u0259 &#8220;\u0130lin d\u00f6vl\u0259t ba\u015f\u00e7\u0131s\u0131&#8221; se\u00e7ilib<\/b><\/font>"},"content":{"rendered":"<p>Prezident \u0130lham \u018fliyev T\u00fcrkiy\u0259d\u0259 s\u0259mimi, i\u015fg\u00fczar, u\u011furlu v\u0259 T\u00fcrkiy\u0259 d\u00f6vl\u0259tinin dostu meyarlar\u0131na g\u00f6r\u0259 &#8220;\u0130lin d\u00f6vl\u0259t ba\u015f\u00e7\u0131s\u0131&#8221; se\u00e7ilib.<\/p>\n<p>M\u00fcvafiq se\u00e7im 16 b\u00f6lg\u0259d\u0259 T\u00fcrkiy\u0259 Az\u0259rbaycan D\u0259rn\u0259kl\u0259ri Federasiyas\u0131na ba\u011fl\u0131 olan d\u0259rn\u0259kl\u0259r v\u0259 145 v\u0259t\u0259nda\u015f c\u0259miyy\u0259ti t\u0259\u015fkilat\u0131 t\u0259r\u0259find\u0259n apar\u0131l\u0131b.<\/p>\n<p>&#8220;\u0130lin d\u00f6vl\u0259t ba\u015f\u00e7\u0131s\u0131&#8221; m\u00fckafat\u0131n\u0131n Prezident \u0130lham \u018fliyev\u0259 2019-cu ilin yanvar ay\u0131nda t\u0259qdim olunaca\u011f\u0131 bildirilir.trend<\/p>\n","protected":false},"excerpt":{"rendered":"<p>Prezident \u0130lham \u018fliyev T\u00fcrkiy\u0259d\u0259 s\u0259mimi, i\u015fg\u00fczar, u\u011furlu v\u0259 T\u00fcrkiy\u0259 d\u00f6vl\u0259tinin dostu meyarlar\u0131na g\u00f6r\u0259 &#8220;\u0130lin d\u00f6vl\u0259t ba\u015f\u00e7\u0131s\u0131&#8221; se\u00e7ilib. M\u00fcvafiq se\u00e7im 16 b\u00f6lg\u0259d\u0259 T\u00fcrkiy\u0259 Az\u0259rbaycan D\u0259rn\u0259kl\u0259ri Federasiyas\u0131na ba\u011fl\u0131 olan d\u0259rn\u0259kl\u0259r v\u0259 145&hellip;<\/p>\n","protected":false},"author":1,"featured_media":251278,"comment_status":"open","ping_status":"open","sticky":false,"template":"","format":"standard","meta":{"_lmt_disableupdate":"","_lmt_disable":"","footnotes":""},"categories":[],"tags":[],"class_list":["post-72740","post","type-post","status-publish","format-standard","has-post-thumbnail","hentry"],"_links":{"self":[{"href":"https:\/\/ucnoqta.az\/index.php?rest_route=\/wp\/v2\/posts\/72740","targetHints":{"allow":["GET"]}}],"collection":[{"href":"https:\/\/ucnoqta.az\/index.php?rest_route=\/wp\/v2\/posts"}],"about":[{"href":"https:\/\/ucnoqta.az\/index.php?rest_route=\/wp\/v2\/types\/post"}],"author":[{"embeddable":true,"href":"https:\/\/ucnoqta.az\/index.php?rest_route=\/wp\/v2\/users\/1"}],"replies":[{"embeddable":true,"href":"https:\/\/ucnoqta.az\/index.php?rest_route=%2Fwp%2Fv2%2Fcomments&post=72740"}],"version-history":[{"count":0,"href":"https:\/\/ucnoqta.az\/index.php?rest_route=\/wp\/v2\/posts\/72740\/revisions"}],"wp:featuredmedia":[{"embeddable":true,"href":"https:\/\/ucnoqta.az\/index.php?rest_route=\/wp\/v2\/media\/251278"}],"wp:attachment":[{"href":"https:\/\/ucnoqta.az\/index.php?rest_route=%2Fwp%2Fv2%2Fmedia&parent=72740"}],"wp:term":[{"taxonomy":"category","embeddable":true,"href":"https:\/\/ucnoqta.az\/index.php?rest_route=%2Fwp%2Fv2%2Fcategories&post=72740"},{"taxonomy":"post_tag","embeddable":true,"href":"https:\/\/ucnoqta.az\/index.php?rest_route=%2Fwp%2Fv2%2Ftags&post=72740"}],"curies":[{"name":"wp","href":"https:\/\/api.w.org\/{rel}","templated":true}]}}