{"id":72738,"date":"2018-12-22T15:46:29","date_gmt":"2018-12-22T11:46:29","guid":{"rendered":""},"modified":"-0001-11-30T00:00:00","modified_gmt":"-0001-11-29T20:00:00","slug":"","status":"publish","type":"post","link":"https:\/\/ucnoqta.az\/?p=72738","title":{"rendered":"Bu g\u00fcn Ramil Usubovun do\u011fum g\u00fcn\u00fcd\u00fcr"},"content":{"rendered":"<p>Bu g\u00fcn Az\u0259rbaycan\u0131n daxili i\u015fl\u0259r naziri Ramil Usubovun do\u011fum g\u00fcn\u00fcd\u00fcr. Nazir bu g\u00fcn 70 ya\u015f\u0131n\u0131 qeyd edir. Usubov Ramil \u0130dris o\u011flu 1948-ci ild\u0259 Xocal\u0131 rayonunda anadan olub. 1973-c\u00fc ild\u0259 N.Rizayev ad\u0131na Bak\u0131 X\u00fcsusi Orta Polis m\u0259kt\u0259bini, 1980-ci ild\u0259 is\u0259 SSR\u0130 D\u0130N-in Akademiyas\u0131n\u0131 bitirib. Silahl\u0131 Q\u00fcvv\u0259l\u0259rin s\u0131ralar\u0131nda m\u00fcdd\u0259tli h\u0259qiqi h\u0259rbi xidm\u0259t ke\u00e7ib.<\/p>\n<p>1970-ci ild\u0259n daxili i\u015fl\u0259r orqanlar\u0131nda, cinay\u0259t-axtar\u0131\u015f strukturlar\u0131nda xidm\u0259t apar\u0131b, 1975-ci ild\u0259 \u015eu\u015fa rayon Polis \u015e\u00f6b\u0259sinin Cinay\u0259t axtar\u0131\u015f b\u00f6lm\u0259sinin r\u0259isi, 1980-1984-c\u00fc ill\u0259rd\u0259 Az\u0259rbaycan Respublikas\u0131n\u0131n Da\u011fl\u0131q Qaraba\u011f Muxtar Vilay\u0259ti Daxili \u0130\u015fl\u0259r \u0130dar\u0259sinin r\u0259is m\u00fcavini, 1984-1987-ci ill\u0259rd\u0259 \u018fli Bayraml\u0131 (\u015eirvan) \u015f\u0259h\u0259r-rayon polis \u015f\u00f6b\u0259sinin r\u0259isi v\u0259zif\u0259l\u0259rind\u0259 i\u015fl\u0259yib.<\/p>\n<p>1987-1989-cu ill\u0259rd\u0259 Nax\u00e7\u0131van Muxtar Respublikas\u0131 daxili i\u015fl\u0259r naziri t\u0259yin olunub, 1989-1993-c\u00fc ill\u0259rd\u0259 Az\u0259rbaycan Respublikas\u0131 D\u0130N-in Cinay\u0259t Axtar\u0131\u015f \u0130dar\u0259sinin r\u0259isi, Pasport \u0130\u015fl\u0259ri, Viza v\u0259 Qeydiyyat \u0130dar\u0259sinin r\u0259isi, Kadrlar \u0130dar\u0259sinin \u015f\u00f6b\u0259 r\u0259isi v\u0259zif\u0259l\u0259rind\u0259 \u00e7al\u0131\u015f\u0131b.<\/p>\n<p>Nax\u00e7\u0131van Muxtar Respublikas\u0131 Ali M\u0259clisi S\u0259drinin 11 avqust 1993-c\u00fc il tarixli F\u0259rman\u0131 il\u0259 ikinci d\u0259f\u0259 Nax\u00e7\u0131van Muxtar Respublikas\u0131 daxili i\u015fl\u0259r naziri t\u0259yin olunub.<\/p>\n<p>Az\u0259rbaycan Respublikas\u0131n\u0131n Prezidentinin 29 aprel 1994-c\u00fc il tarixli 140 n\u00f6mr\u0259li F\u0259rman\u0131 il\u0259 Az\u0259rbaycan Respublikas\u0131n\u0131n daxili i\u015fl\u0259r naziri t\u0259yin edilib.<\/p>\n<p>Az\u0259rbaycan Respublikas\u0131n\u0131n Prezidentinin 3 may 1994-c\u00fc il tarixli 144 n\u00f6mr\u0259li F\u0259rman\u0131 il\u0259 general-mayor, 26 dekabr 1995-ci il tarixli 418 n\u00f6mr\u0259li F\u0259rman\u0131 il\u0259 general-leytenant, 15 yanvar 2002-ci il tarixli 637 n\u00f6mr\u0259li F\u0259rman\u0131 il\u0259 general-polkovnik h\u0259rbi r\u00fctb\u0259si verilib.<\/p>\n<p>Ail\u0259lidir, \u00fc\u00e7 \u00f6vlad\u0131 var.<\/p>\n<p>Az\u0259rbaycan Respublikas\u0131n\u0131n Konstitusiya d\u00f6vl\u0259t qurulu\u015funun m\u00fcdafi\u0259sind\u0259, cinay\u0259tkarl\u0131qla m\u00fcbariz\u0259nin, ictimai t\u0259hl\u00fck\u0259sizliyin v\u0259 \u0259min-amanl\u0131\u011f\u0131n t\u0259min edilm\u0259sind\u0259, \u00f6lk\u0259d\u0259 d\u00f6nm\u0259z sabitliyin \u0259ld\u0259 olunub, qorunub saxlan\u0131lmas\u0131nda x\u00fcsusi xidm\u0259tl\u0259rin\u0259 g\u00f6r\u0259 Az\u0259rbaycan Respublikas\u0131 Prezidentinin 24 dekabr 1998-ci il tarixli 41 n\u00f6mr\u0259li F\u0259rman\u0131 il\u0259 \u201cAz\u0259rbaycan Bayra\u011f\u0131\u201d ordeni il\u0259 t\u0259ltif olunub.<\/p>\n<p>2009-cu ild\u0259 Pol\u015fa prezidentinin s\u0259r\u0259ncam\u0131 il\u0259 iki \u00f6lk\u0259nin m\u00fcnasib\u0259tl\u0259rinin inki\u015faf\u0131na g\u00f6st\u0259rdiyi xidm\u0259tl\u0259r\u0259 g\u00f6r\u0259 \u201cB\u00f6y\u00fck zabit\u201d ordeni il\u0259 t\u0259ltif olunub.<\/p>\n<p>29 iyun 2018-ci ild\u0259 Az\u0259rbaycan polisinin yaranmas\u0131n\u0131n 100 illik yubileyi m\u00fcnasib\u0259ti il\u0259 v\u0259 Az\u0259rbaycan Respublikas\u0131nda ictimai t\u0259hl\u00fck\u0259sizliyin v\u0259 asayi\u015fin t\u0259min edilm\u0259sind\u0259, cinay\u0259tkarl\u0131\u011fa qar\u015f\u0131 m\u00fcbariz\u0259d\u0259 x\u00fcsusi xidm\u0259tl\u0259rin\u0259, qar\u015f\u0131lar\u0131nda qoyulmu\u015f tap\u015f\u0131r\u0131qlar\u0131 yerin\u0259 yetir\u0259rk\u0259n f\u0259rql\u0259ndiyin\u0259 g\u00f6r\u0259 1-ci d\u0259r\u0259c\u0259li \u201cV\u0259t\u0259n\u0259 xidm\u0259t\u0259 g\u00f6r\u0259\u201d ordeni il\u0259 t\u0259ltif edilib.<\/p>\n<p>T\u0259brik edirik!<\/p>\n","protected":false},"excerpt":{"rendered":"<p>Bu g\u00fcn Az\u0259rbaycan\u0131n daxili i\u015fl\u0259r naziri Ramil Usubovun do\u011fum g\u00fcn\u00fcd\u00fcr. Nazir bu g\u00fcn 70 ya\u015f\u0131n\u0131 qeyd edir. Usubov Ramil \u0130dris o\u011flu 1948-ci ild\u0259 Xocal\u0131 rayonunda anadan olub. 1973-c\u00fc ild\u0259 N.Rizayev&hellip;<\/p>\n","protected":false},"author":1,"featured_media":251278,"comment_status":"open","ping_status":"open","sticky":false,"template":"","format":"standard","meta":{"_lmt_disableupdate":"","_lmt_disable":"","footnotes":""},"categories":[],"tags":[],"class_list":["post-72738","post","type-post","status-publish","format-standard","has-post-thumbnail","hentry"],"_links":{"self":[{"href":"https:\/\/ucnoqta.az\/index.php?rest_route=\/wp\/v2\/posts\/72738","targetHints":{"allow":["GET"]}}],"collection":[{"href":"https:\/\/ucnoqta.az\/index.php?rest_route=\/wp\/v2\/posts"}],"about":[{"href":"https:\/\/ucnoqta.az\/index.php?rest_route=\/wp\/v2\/types\/post"}],"author":[{"embeddable":true,"href":"https:\/\/ucnoqta.az\/index.php?rest_route=\/wp\/v2\/users\/1"}],"replies":[{"embeddable":true,"href":"https:\/\/ucnoqta.az\/index.php?rest_route=%2Fwp%2Fv2%2Fcomments&post=72738"}],"version-history":[{"count":0,"href":"https:\/\/ucnoqta.az\/index.php?rest_route=\/wp\/v2\/posts\/72738\/revisions"}],"wp:featuredmedia":[{"embeddable":true,"href":"https:\/\/ucnoqta.az\/index.php?rest_route=\/wp\/v2\/media\/251278"}],"wp:attachment":[{"href":"https:\/\/ucnoqta.az\/index.php?rest_route=%2Fwp%2Fv2%2Fmedia&parent=72738"}],"wp:term":[{"taxonomy":"category","embeddable":true,"href":"https:\/\/ucnoqta.az\/index.php?rest_route=%2Fwp%2Fv2%2Fcategories&post=72738"},{"taxonomy":"post_tag","embeddable":true,"href":"https:\/\/ucnoqta.az\/index.php?rest_route=%2Fwp%2Fv2%2Ftags&post=72738"}],"curies":[{"name":"wp","href":"https:\/\/api.w.org\/{rel}","templated":true}]}}