{"id":72735,"date":"2018-12-22T14:48:10","date_gmt":"2018-12-22T10:48:10","guid":{"rendered":""},"modified":"-0001-11-30T00:00:00","modified_gmt":"-0001-11-29T20:00:00","slug":"","status":"publish","type":"post","link":"https:\/\/ucnoqta.az\/?p=72735","title":{"rendered":"Regionlarda ya\u015fayan Bakcell abun\u0259\u00e7il\u0259ri d\u0259 y\u00fcks\u0259k s\u00fcr\u0259tli internet xidm\u0259tind\u0259n istifad\u0259 ed\u0259 bil\u0259c\u0259kl\u0259r"},"content":{"rendered":"<p>Regionlarda ya\u015fayan Bakcell abun\u0259\u00e7il\u0259ri d\u0259 y\u00fcks\u0259k s\u00fcr\u0259tli internet xidm\u0259tind\u0259n istifad\u0259 ed\u0259c\u0259kl\u0259r<\/p>\n<p>Bu bar\u0259d\u0259 Bakcell \u015firk\u0259tinin Mobil telekommunikasiyaya giri\u015f seminar\u0131nda Bakcell sirk\u0259tind\u0259 \u015e\u0259b\u0259k\u0259 problemlerinin arasd\u0131r\u0131lmas\u0131 v\u0259 d\u0259st\u0259k xidm\u0259tinin r\u0259hb\u0259ri Oruc Sad\u0131qov bildirib.<br \/>\nOruc Sad\u0131qovun s\u00f6zl\u0259rin\u0259 g\u00f6r\u0259, Bakcell LTE \u015f\u0259b\u0259k\u0259si 45 region m\u0259rk\u0259zind\u0259 \u0259halinin istifad\u0259sin\u0259 t\u0259qdim edilib: &#8220;Bak\u0131-Ab\u015feron yar\u0131madas\u0131 il\u0259 yana\u015f\u0131 regionlarda ya\u015fayan abun\u0259\u00e7il\u0259rimiz d\u0259 y\u00fcks\u0259k s\u00fcr\u0259tli internet xidm\u0259tind\u0259n istifad\u0259 ed\u0259 bil\u0259c\u0259kl\u0259r. Xidm\u0259td\u0259n yararlanmaq \u00fcc\u00fcn abun\u0259cil\u0259rin sim kartlar\u0131 v\u0259 mobil cihazlar\u0131 4G texnologiyas\u0131n\u0131 funksional olaraq d\u0259st\u0259kl\u0259m\u0259lidir&#8221;- Oruc Sad\u0131qov bildirib. <\/p>\n<p>Qeyd ed\u0259k ki, Bakcell \u015firk\u0259ti \u00f6lk\u0259 K\u0130V n\u00fcmay\u0259nd\u0259l\u0259ri \u00fc\u00e7\u00fcn 21-22 dekabr tarixl\u0259rind\u0259 \u015e\u0259kid\u0259 &#8220;Mobil telekomunikasiyaya giri\u015f&#8221; m\u00f6vzusunda seminar t\u0259\u015fkil edib.<\/p>\n<p>Emin<\/p>\n","protected":false},"excerpt":{"rendered":"<p>Regionlarda ya\u015fayan Bakcell abun\u0259\u00e7il\u0259ri d\u0259 y\u00fcks\u0259k s\u00fcr\u0259tli internet xidm\u0259tind\u0259n istifad\u0259 ed\u0259c\u0259kl\u0259r Bu bar\u0259d\u0259 Bakcell \u015firk\u0259tinin Mobil telekommunikasiyaya giri\u015f seminar\u0131nda Bakcell sirk\u0259tind\u0259 \u015e\u0259b\u0259k\u0259 problemlerinin arasd\u0131r\u0131lmas\u0131 v\u0259 d\u0259st\u0259k xidm\u0259tinin r\u0259hb\u0259ri Oruc Sad\u0131qov&hellip;<\/p>\n","protected":false},"author":1,"featured_media":251278,"comment_status":"open","ping_status":"open","sticky":false,"template":"","format":"standard","meta":{"_lmt_disableupdate":"","_lmt_disable":"","footnotes":""},"categories":[],"tags":[],"class_list":["post-72735","post","type-post","status-publish","format-standard","has-post-thumbnail","hentry"],"_links":{"self":[{"href":"https:\/\/ucnoqta.az\/index.php?rest_route=\/wp\/v2\/posts\/72735","targetHints":{"allow":["GET"]}}],"collection":[{"href":"https:\/\/ucnoqta.az\/index.php?rest_route=\/wp\/v2\/posts"}],"about":[{"href":"https:\/\/ucnoqta.az\/index.php?rest_route=\/wp\/v2\/types\/post"}],"author":[{"embeddable":true,"href":"https:\/\/ucnoqta.az\/index.php?rest_route=\/wp\/v2\/users\/1"}],"replies":[{"embeddable":true,"href":"https:\/\/ucnoqta.az\/index.php?rest_route=%2Fwp%2Fv2%2Fcomments&post=72735"}],"version-history":[{"count":0,"href":"https:\/\/ucnoqta.az\/index.php?rest_route=\/wp\/v2\/posts\/72735\/revisions"}],"wp:featuredmedia":[{"embeddable":true,"href":"https:\/\/ucnoqta.az\/index.php?rest_route=\/wp\/v2\/media\/251278"}],"wp:attachment":[{"href":"https:\/\/ucnoqta.az\/index.php?rest_route=%2Fwp%2Fv2%2Fmedia&parent=72735"}],"wp:term":[{"taxonomy":"category","embeddable":true,"href":"https:\/\/ucnoqta.az\/index.php?rest_route=%2Fwp%2Fv2%2Fcategories&post=72735"},{"taxonomy":"post_tag","embeddable":true,"href":"https:\/\/ucnoqta.az\/index.php?rest_route=%2Fwp%2Fv2%2Ftags&post=72735"}],"curies":[{"name":"wp","href":"https:\/\/api.w.org\/{rel}","templated":true}]}}