{"id":72730,"date":"2018-12-21T14:33:36","date_gmt":"2018-12-21T10:33:36","guid":{"rendered":""},"modified":"-0001-11-30T00:00:00","modified_gmt":"-0001-11-29T20:00:00","slug":"","status":"publish","type":"post","link":"https:\/\/ucnoqta.az\/?p=72730","title":{"rendered":"<font color=red><b>Nursultan Nazarbayev Prezident \u0130lham \u018fliyevi t\u0259brik edib<\/b><\/font>"},"content":{"rendered":"<p>Nursultan Nazarbayev Prezident \u0130lham \u018fliyevi do\u011fum g\u00fcn\u00fc m\u00fcnasib\u0259til\u0259 t\u0259brik edib<\/p>\n<p>Qazax\u0131stan Prezidenti Nursultan Nazarbayev Az\u0259rbaycan Prezidenti\u00a0\u0130lham \u018fliyev\u0259 t\u0259brik m\u0259ktubu g\u00f6nd\u0259rib.<\/p>\n<p>&#8220;Report&#8221; x\u0259b\u0259r verir ki, m\u0259ktubda deyilir:\u00a0<\/p>\n<p>&#8220;H\u00f6rm\u0259tli \u0130lham Heyd\u0259r o\u011flu.<\/p>\n<p>Do\u011fum g\u00fcn\u00fcn\u00fcz m\u00fcnasib\u0259til\u0259 s\u0259mimi t\u0259brikl\u0259rimi q\u0259bul edin.<\/p>\n<p>\u018fmin\u0259m ki, Sizin ali d\u00f6vl\u0259ti f\u0259aliyy\u0259t sah\u0259sind\u0259 \u00e7oxillik t\u0259cr\u00fcb\u0259niz, xalq\u0131n\u0131z\u0131n rifah\u0131n\u0131n yax\u015f\u0131la\u015fd\u0131r\u0131lmas\u0131na y\u00f6n\u0259lmi\u015f g\u0259rgin s\u0259yl\u0259riniz bundan sonra da Az\u0259rbaycan\u0131n firavanla\u015fmas\u0131na v\u0259 davaml\u0131 inki\u015faf\u0131na sanball\u0131 t\u00f6hf\u0259 verm\u0259kd\u0259 davam ed\u0259c\u0259k.<\/p>\n<p>\u0130nan\u0131ram ki, Astana il\u0259 Bak\u0131 aras\u0131nda \u00e7ox\u0259srlik \u0259n\u0259n\u0259vi dostluq m\u00fcnasib\u0259tl\u0259ri qarda\u015fcas\u0131na strateji t\u0259r\u0259fda\u015fl\u0131q \u0259sas\u0131nda, habel\u0259 \u00f6lk\u0259l\u0259rimizin xalqlar\u0131n\u0131n rifah\u0131 namin\u0259 bundan sonra da dinamik \u015f\u0259kild\u0259 inki\u015faf ed\u0259c\u0259k.<\/p>\n<p>H\u00f6rm\u0259tli \u0130lham Heyd\u0259r o\u011flu, f\u00fcrs\u0259td\u0259n istifad\u0259 edib Siz\u0259 m\u00f6hk\u0259m cansa\u011fl\u0131\u011f\u0131, t\u00fck\u0259nm\u0259z enerji, m\u0259sul d\u00f6vl\u0259ti v\u0259zif\u0259nizd\u0259 yeni u\u011furlar, qarda\u015f Az\u0259rbaycan xalq\u0131na s\u00fclh v\u0259 firavanl\u0131q dil\u0259yir\u0259m&#8221;.<\/p>\n","protected":false},"excerpt":{"rendered":"<p>Nursultan Nazarbayev Prezident \u0130lham \u018fliyevi do\u011fum g\u00fcn\u00fc m\u00fcnasib\u0259til\u0259 t\u0259brik edib Qazax\u0131stan Prezidenti Nursultan Nazarbayev Az\u0259rbaycan Prezidenti\u00a0\u0130lham \u018fliyev\u0259 t\u0259brik m\u0259ktubu g\u00f6nd\u0259rib. &#8220;Report&#8221; x\u0259b\u0259r verir ki, m\u0259ktubda deyilir:\u00a0 &#8220;H\u00f6rm\u0259tli \u0130lham Heyd\u0259r o\u011flu.&hellip;<\/p>\n","protected":false},"author":1,"featured_media":251278,"comment_status":"open","ping_status":"open","sticky":false,"template":"","format":"standard","meta":{"_lmt_disableupdate":"","_lmt_disable":"","footnotes":""},"categories":[],"tags":[],"class_list":["post-72730","post","type-post","status-publish","format-standard","has-post-thumbnail","hentry"],"_links":{"self":[{"href":"https:\/\/ucnoqta.az\/index.php?rest_route=\/wp\/v2\/posts\/72730","targetHints":{"allow":["GET"]}}],"collection":[{"href":"https:\/\/ucnoqta.az\/index.php?rest_route=\/wp\/v2\/posts"}],"about":[{"href":"https:\/\/ucnoqta.az\/index.php?rest_route=\/wp\/v2\/types\/post"}],"author":[{"embeddable":true,"href":"https:\/\/ucnoqta.az\/index.php?rest_route=\/wp\/v2\/users\/1"}],"replies":[{"embeddable":true,"href":"https:\/\/ucnoqta.az\/index.php?rest_route=%2Fwp%2Fv2%2Fcomments&post=72730"}],"version-history":[{"count":0,"href":"https:\/\/ucnoqta.az\/index.php?rest_route=\/wp\/v2\/posts\/72730\/revisions"}],"wp:featuredmedia":[{"embeddable":true,"href":"https:\/\/ucnoqta.az\/index.php?rest_route=\/wp\/v2\/media\/251278"}],"wp:attachment":[{"href":"https:\/\/ucnoqta.az\/index.php?rest_route=%2Fwp%2Fv2%2Fmedia&parent=72730"}],"wp:term":[{"taxonomy":"category","embeddable":true,"href":"https:\/\/ucnoqta.az\/index.php?rest_route=%2Fwp%2Fv2%2Fcategories&post=72730"},{"taxonomy":"post_tag","embeddable":true,"href":"https:\/\/ucnoqta.az\/index.php?rest_route=%2Fwp%2Fv2%2Ftags&post=72730"}],"curies":[{"name":"wp","href":"https:\/\/api.w.org\/{rel}","templated":true}]}}