{"id":70695,"date":"2018-11-06T10:37:58","date_gmt":"2018-11-06T06:37:58","guid":{"rendered":""},"modified":"-0001-11-30T00:00:00","modified_gmt":"-0001-11-29T20:00:00","slug":"","status":"publish","type":"post","link":"https:\/\/ucnoqta.az\/?p=70695","title":{"rendered":"&#8220;Qaraba\u011f&#8221;\u0131n r\u0259qibind\u0259 oyun\u00e7u itkisi"},"content":{"rendered":"<p><strong>&quot;Sportinq&quot;in futbol&ccedil;usu &quot;Qaraba\u011f&quot;la g&ouml;r&uuml;\u015f&uuml; buraxacaq<\/strong><\/p>\n<p>&ldquo;Qaraba\u011f&rdquo;\u0131n Avropa Liqas\u0131n\u0131n qrup m\u0259rh\u0259l\u0259sind\u0259ki r\u0259qibl\u0259rind\u0259n olan Portuqaliyan\u0131n &ldquo;Sportinq&rdquo; klubu futbol&ccedil;u itkisi il\u0259 &uuml;zl\u0259\u015fib. &ldquo;Report&rdquo; klubun r\u0259smi sayt\u0131na istinad\u0259n x\u0259b\u0259r verir ki, argentinal\u0131 yar\u0131mm&uuml;dafi\u0259&ccedil;i Rodriqo Battalya Portuqaliya Primeyras\u0131nda s\u0259f\u0259rd\u0259 &quot;Santa Klara&quot;ya 2:1 hesab\u0131 il\u0259 qalib g\u0259ldikl\u0259ri IX tur qar\u015f\u0131la\u015fmas\u0131n\u0131n 30-cu d\u0259qiq\u0259sind\u0259 z\u0259d\u0259l\u0259nib. 27 ya\u015fl\u0131 oyun&ccedil;unun sa\u011f dizinin &ouml;n &ccedil;arpaz ba\u011flar\u0131 qopub. Battalya bu g&uuml;n \u0259m\u0259liyyat olunacaq v\u0259 bir ne&ccedil;\u0259 ay sa\u011falma prosesi ke&ccedil;dikd\u0259n sonra ya\u015f\u0131l meydanlara qay\u0131dacaq. Buna g&ouml;r\u0259 d\u0259 t\u0259cr&uuml;b\u0259li futbol&ccedil;u noyabr\u0131n 29-da Avropa Liqas\u0131n\u0131n V turunda &ldquo;Qaraba\u011f&rdquo;la Bak\u0131da ke&ccedil;ir\u0259c\u0259kl\u0259ri g&ouml;r&uuml;\u015f&uuml; buraxmal\u0131 olacaq.<\/p>\n","protected":false},"excerpt":{"rendered":"<p>&quot;Sportinq&quot;in futbol&ccedil;usu &quot;Qaraba\u011f&quot;la g&ouml;r&uuml;\u015f&uuml; buraxacaq &ldquo;Qaraba\u011f&rdquo;\u0131n Avropa Liqas\u0131n\u0131n qrup m\u0259rh\u0259l\u0259sind\u0259ki r\u0259qibl\u0259rind\u0259n olan Portuqaliyan\u0131n &ldquo;Sportinq&rdquo; klubu futbol&ccedil;u itkisi il\u0259 &uuml;zl\u0259\u015fib. &ldquo;Report&rdquo; klubun r\u0259smi sayt\u0131na istinad\u0259n x\u0259b\u0259r verir ki, argentinal\u0131 yar\u0131mm&uuml;dafi\u0259&ccedil;i Rodriqo&hellip;<\/p>\n","protected":false},"author":1,"featured_media":251278,"comment_status":"open","ping_status":"open","sticky":false,"template":"","format":"standard","meta":{"_lmt_disableupdate":"","_lmt_disable":"","footnotes":""},"categories":[90],"tags":[],"class_list":["post-70695","post","type-post","status-publish","format-standard","has-post-thumbnail","hentry","category-idman-butun-xeberler"],"_links":{"self":[{"href":"https:\/\/ucnoqta.az\/index.php?rest_route=\/wp\/v2\/posts\/70695","targetHints":{"allow":["GET"]}}],"collection":[{"href":"https:\/\/ucnoqta.az\/index.php?rest_route=\/wp\/v2\/posts"}],"about":[{"href":"https:\/\/ucnoqta.az\/index.php?rest_route=\/wp\/v2\/types\/post"}],"author":[{"embeddable":true,"href":"https:\/\/ucnoqta.az\/index.php?rest_route=\/wp\/v2\/users\/1"}],"replies":[{"embeddable":true,"href":"https:\/\/ucnoqta.az\/index.php?rest_route=%2Fwp%2Fv2%2Fcomments&post=70695"}],"version-history":[{"count":0,"href":"https:\/\/ucnoqta.az\/index.php?rest_route=\/wp\/v2\/posts\/70695\/revisions"}],"wp:featuredmedia":[{"embeddable":true,"href":"https:\/\/ucnoqta.az\/index.php?rest_route=\/wp\/v2\/media\/251278"}],"wp:attachment":[{"href":"https:\/\/ucnoqta.az\/index.php?rest_route=%2Fwp%2Fv2%2Fmedia&parent=70695"}],"wp:term":[{"taxonomy":"category","embeddable":true,"href":"https:\/\/ucnoqta.az\/index.php?rest_route=%2Fwp%2Fv2%2Fcategories&post=70695"},{"taxonomy":"post_tag","embeddable":true,"href":"https:\/\/ucnoqta.az\/index.php?rest_route=%2Fwp%2Fv2%2Ftags&post=70695"}],"curies":[{"name":"wp","href":"https:\/\/api.w.org\/{rel}","templated":true}]}}