{"id":70689,"date":"2018-11-05T22:32:12","date_gmt":"2018-11-05T18:32:12","guid":{"rendered":""},"modified":"-0001-11-30T00:00:00","modified_gmt":"-0001-11-29T20:00:00","slug":"","status":"publish","type":"post","link":"https:\/\/ucnoqta.az\/?p=70689","title":{"rendered":"T\u00fcrkiy\u0259 s\u0259firliyinin m\u0259tbuat m\u00fc\u015faviri M\u0259tbuat \u015euras\u0131nda olub"},"content":{"rendered":"<p><strong>Bu g&uuml;n T&uuml;rkiy\u0259nin Az\u0259rbaycandak\u0131 S\u0259firliyinin m\u0259tbuat m&uuml;\u015faviri Hamit Karadeniz Az\u0259rbaycan M\u0259tbuat \u015euras\u0131nda olub. <\/strong><\/p>\n<p>Ucnoqta.az x\u0259b\u0259r verir ki,&nbsp;M\u015e s\u0259dri, Milli M\u0259clisin deputat\u0131 \u018fflatun Ama\u015fov T&uuml;rkiy\u0259 v\u0259 Az\u0259rbaycan medias\u0131 aras\u0131ndak\u0131 \u0259laq\u0259l\u0259rin haz\u0131rk\u0131 durumundan s&ouml;z a&ccedil;\u0131b. Son ill\u0259r m&ouml;vcud istiqam\u0259td\u0259 pozitiv tendensiyalar artd\u0131\u011f\u0131n\u0131 vur\u011fulayan \u018f.Ama\u015fov x&uuml;sus\u0259n T&uuml;rkiy\u0259d\u0259n Az\u0259rbaycana jurnalist s\u0259f\u0259rl\u0259rinin say\u0131n\u0131n artmas\u0131na diqq\u0259t y&ouml;n\u0259ldib. O bu c\u0259h\u0259tin qarda\u015f &ouml;lk\u0259nin media g&uuml;nd\u0259min\u0259 d\u0259 \u0259sasl\u0131 t\u0259sir g&ouml;st\u0259rdiyini deyib. H.Karadeniz h\u0259m T&uuml;rkiy\u0259d\u0259n Az\u0259rbaycana, h\u0259m d\u0259 Az\u0259rbaycandan T&uuml;rkiy\u0259y\u0259 jurnalist s\u0259f\u0259rl\u0259rinin say\u0131n\u0131n daha da art\u0131r\u0131lmas\u0131na ehtiyac\u0131n duyuldu\u011funu vur\u011fulay\u0131b.<br \/>\n\u200bO, T&uuml;rkiy\u0259 S\u0259firliyinin h\u0259r zaman bu amili diqq\u0259td\u0259 saxlad\u0131\u011f\u0131n\u0131 bildirib. M\u015e \u0130dar\u0259 Hey\u0259tinin &uuml;zv&uuml;, &laquo;\u0130ki sahil&raquo; q\u0259zetinin ba\u015f redaktoru V&uuml;qar R\u0259himzad\u0259 qar\u015f\u0131l\u0131ql\u0131 s\u0259f\u0259rl\u0259rin t\u0259cr&uuml;b\u0259 m&uuml;badil\u0259si bax\u0131m\u0131ndan vacibliyind\u0259n s&ouml;z a&ccedil;\u0131b v\u0259 qeyd edib ki, T&uuml;rkiy\u0259nin qabaqc\u0131l media t\u0259cr&uuml;b\u0259sinin &ouml;yr\u0259nilm\u0259si v\u0259 t\u0259tbiqi m&uuml;h&uuml;m \u0259h\u0259miyy\u0259t da\u015f\u0131maqdad\u0131r. G&ouml;r&uuml;\u015fd\u0259 qar\u015f\u0131dak\u0131 \u0259m\u0259k\u0259da\u015fl\u0131q m\u0259s\u0259l\u0259l\u0259rinin m&uuml;xt\u0259lif t\u0259r\u0259fl\u0259ri haqq\u0131nda geni\u015f fikir m&uuml;badil\u0259si apar\u0131l\u0131b.<\/p>\n","protected":false},"excerpt":{"rendered":"<p>Bu g&uuml;n T&uuml;rkiy\u0259nin Az\u0259rbaycandak\u0131 S\u0259firliyinin m\u0259tbuat m&uuml;\u015faviri Hamit Karadeniz Az\u0259rbaycan M\u0259tbuat \u015euras\u0131nda olub. Ucnoqta.az x\u0259b\u0259r verir ki,&nbsp;M\u015e s\u0259dri, Milli M\u0259clisin deputat\u0131 \u018fflatun Ama\u015fov T&uuml;rkiy\u0259 v\u0259 Az\u0259rbaycan medias\u0131 aras\u0131ndak\u0131 \u0259laq\u0259l\u0259rin haz\u0131rk\u0131&hellip;<\/p>\n","protected":false},"author":1,"featured_media":251278,"comment_status":"open","ping_status":"open","sticky":false,"template":"","format":"standard","meta":{"_lmt_disableupdate":"","_lmt_disable":"","footnotes":""},"categories":[96],"tags":[],"class_list":["post-70689","post","type-post","status-publish","format-standard","has-post-thumbnail","hentry","category-media-butun-xeberler"],"_links":{"self":[{"href":"https:\/\/ucnoqta.az\/index.php?rest_route=\/wp\/v2\/posts\/70689","targetHints":{"allow":["GET"]}}],"collection":[{"href":"https:\/\/ucnoqta.az\/index.php?rest_route=\/wp\/v2\/posts"}],"about":[{"href":"https:\/\/ucnoqta.az\/index.php?rest_route=\/wp\/v2\/types\/post"}],"author":[{"embeddable":true,"href":"https:\/\/ucnoqta.az\/index.php?rest_route=\/wp\/v2\/users\/1"}],"replies":[{"embeddable":true,"href":"https:\/\/ucnoqta.az\/index.php?rest_route=%2Fwp%2Fv2%2Fcomments&post=70689"}],"version-history":[{"count":0,"href":"https:\/\/ucnoqta.az\/index.php?rest_route=\/wp\/v2\/posts\/70689\/revisions"}],"wp:featuredmedia":[{"embeddable":true,"href":"https:\/\/ucnoqta.az\/index.php?rest_route=\/wp\/v2\/media\/251278"}],"wp:attachment":[{"href":"https:\/\/ucnoqta.az\/index.php?rest_route=%2Fwp%2Fv2%2Fmedia&parent=70689"}],"wp:term":[{"taxonomy":"category","embeddable":true,"href":"https:\/\/ucnoqta.az\/index.php?rest_route=%2Fwp%2Fv2%2Fcategories&post=70689"},{"taxonomy":"post_tag","embeddable":true,"href":"https:\/\/ucnoqta.az\/index.php?rest_route=%2Fwp%2Fv2%2Ftags&post=70689"}],"curies":[{"name":"wp","href":"https:\/\/api.w.org\/{rel}","templated":true}]}}