{"id":70684,"date":"2018-11-05T20:43:32","date_gmt":"2018-11-05T16:43:32","guid":{"rendered":""},"modified":"-0001-11-30T00:00:00","modified_gmt":"-0001-11-29T20:00:00","slug":"","status":"publish","type":"post","link":"https:\/\/ucnoqta.az\/?p=70684","title":{"rendered":"Ab\u015feronda istixana sahibi c\u0259rim\u0259l\u0259ndi &#8211; <font color=red><b>Foto<\/b><\/font>"},"content":{"rendered":"<p><strong>&nbsp;Ekologiya v\u0259 T\u0259bii S\u0259rv\u0259tl\u0259r Nazirliyin\u0259 Ab\u015feron rayonu, A\u015fa\u011f\u0131 G&uuml;zd\u0259k q\u0259s\u0259b\u0259sind\u0259 f\u0259aliyy\u0259t g&ouml;st\u0259r\u0259n istixana t\u0259r\u0259find\u0259n havaya qara t&uuml;st&uuml; at\u0131lmas\u0131 il\u0259 ba\u011fl\u0131 daxil olan \u015fikay\u0259t nazirliyin \u0259m\u0259kda\u015flar\u0131 t\u0259r\u0259find\u0259n yerind\u0259 ara\u015fd\u0131r\u0131l\u0131b. <\/strong><\/p>\n<p>Ekologiya v\u0259 T\u0259bii S\u0259rv\u0259tl\u0259r Nazirliyind\u0259n Ucnoqta.az-a veril\u0259n m\u0259lumata g&ouml;r\u0259, ara\u015fd\u0131rma zaman\u0131 s&ouml;z&uuml;ged\u0259n \u0259razid\u0259 f\u0259aliyy\u0259t g&ouml;st\u0259r\u0259n istixanan\u0131n qazanxanas\u0131nda ba\u015f ver\u0259n nasazl\u0131q s\u0259b\u0259bind\u0259n atmosfer havas\u0131na qara t&uuml;st&uuml;n&uuml;n at\u0131ld\u0131\u011f\u0131 m\u0259lum olub.<br \/>\n\u200bFaktla ba\u011fl\u0131 qazanxanaya cavabdeh Ramil B\u0259kirov bar\u0259sind\u0259 protokol t\u0259rtib edilib v\u0259 o, \u0130nzibati X\u0259talar M\u0259c\u0259ll\u0259sin\u0259 \u0259sas\u0259n 800 manat m\u0259bl\u0259\u011find\u0259 c\u0259rim\u0259 olunub. Bel\u0259 hallara yol verilm\u0259m\u0259si &uuml;&ccedil;&uuml;n istixanaya icras\u0131 m\u0259cburi olan &ldquo;m\u0259cburi g&ouml;st\u0259ri\u015f&rdquo; verilib.<\/p>\n","protected":false},"excerpt":{"rendered":"<p>&nbsp;Ekologiya v\u0259 T\u0259bii S\u0259rv\u0259tl\u0259r Nazirliyin\u0259 Ab\u015feron rayonu, A\u015fa\u011f\u0131 G&uuml;zd\u0259k q\u0259s\u0259b\u0259sind\u0259 f\u0259aliyy\u0259t g&ouml;st\u0259r\u0259n istixana t\u0259r\u0259find\u0259n havaya qara t&uuml;st&uuml; at\u0131lmas\u0131 il\u0259 ba\u011fl\u0131 daxil olan \u015fikay\u0259t nazirliyin \u0259m\u0259kda\u015flar\u0131 t\u0259r\u0259find\u0259n yerind\u0259 ara\u015fd\u0131r\u0131l\u0131b. Ekologiya v\u0259&hellip;<\/p>\n","protected":false},"author":1,"featured_media":251278,"comment_status":"open","ping_status":"open","sticky":false,"template":"","format":"standard","meta":{"_lmt_disableupdate":"","_lmt_disable":"","footnotes":""},"categories":[],"tags":[],"class_list":["post-70684","post","type-post","status-publish","format-standard","has-post-thumbnail","hentry"],"_links":{"self":[{"href":"https:\/\/ucnoqta.az\/index.php?rest_route=\/wp\/v2\/posts\/70684","targetHints":{"allow":["GET"]}}],"collection":[{"href":"https:\/\/ucnoqta.az\/index.php?rest_route=\/wp\/v2\/posts"}],"about":[{"href":"https:\/\/ucnoqta.az\/index.php?rest_route=\/wp\/v2\/types\/post"}],"author":[{"embeddable":true,"href":"https:\/\/ucnoqta.az\/index.php?rest_route=\/wp\/v2\/users\/1"}],"replies":[{"embeddable":true,"href":"https:\/\/ucnoqta.az\/index.php?rest_route=%2Fwp%2Fv2%2Fcomments&post=70684"}],"version-history":[{"count":0,"href":"https:\/\/ucnoqta.az\/index.php?rest_route=\/wp\/v2\/posts\/70684\/revisions"}],"wp:featuredmedia":[{"embeddable":true,"href":"https:\/\/ucnoqta.az\/index.php?rest_route=\/wp\/v2\/media\/251278"}],"wp:attachment":[{"href":"https:\/\/ucnoqta.az\/index.php?rest_route=%2Fwp%2Fv2%2Fmedia&parent=70684"}],"wp:term":[{"taxonomy":"category","embeddable":true,"href":"https:\/\/ucnoqta.az\/index.php?rest_route=%2Fwp%2Fv2%2Fcategories&post=70684"},{"taxonomy":"post_tag","embeddable":true,"href":"https:\/\/ucnoqta.az\/index.php?rest_route=%2Fwp%2Fv2%2Ftags&post=70684"}],"curies":[{"name":"wp","href":"https:\/\/api.w.org\/{rel}","templated":true}]}}