{"id":70675,"date":"2018-11-05T16:35:47","date_gmt":"2018-11-05T12:35:47","guid":{"rendered":""},"modified":"-0001-11-30T00:00:00","modified_gmt":"-0001-11-29T20:00:00","slug":"","status":"publish","type":"post","link":"https:\/\/ucnoqta.az\/?p=70675","title":{"rendered":"\u0130taliyada m\u0259hkum po\u00e7t i\u015f\u00e7il\u0259rini girov g\u00f6t\u00fcr\u00fcb"},"content":{"rendered":"<p><strong>\u0130taliyan\u0131n Reggio Emilia \u015f\u0259h\u0259rind\u0259 Fran&ccedil;esko Amato adl\u0131 bir n\u0259f\u0259r po&ccedil;t \u015f&ouml;b\u0259sinin d&ouml;rd \u0259m\u0259kda\u015f\u0131n\u0131 girov g&ouml;t&uuml;r&uuml;b.<\/strong><\/p>\n<p>O, girovlar\u0131n azad edilm\u0259si &uuml;&ccedil;&uuml;n &ouml;lk\u0259nin daxili i\u015fl\u0259r naziri Matteo Salvini il\u0259 g&ouml;r&uuml;\u015fm\u0259k t\u0259l\u0259bini ir\u0259li s&uuml;r&uuml;b. Hadis\u0259 yerin\u0259 x&uuml;susi t\u0259yinatl\u0131 polis \u0259m\u0259kda\u015flar\u0131 c\u0259lb edilib, F.Amato il\u0259 dan\u0131\u015f\u0131qlar apar\u0131l\u0131r.<br \/>\nBildirilir ki, Kalabriya mafiyas\u0131 il\u0259 \u0259lbir olmaqda t\u0259qsirl\u0259ndiril\u0259n bir qrup \u015f\u0259xsl\u0259 birlikd\u0259 m\u0259hk\u0259m\u0259 qar\u015f\u0131s\u0131na &ccedil;\u0131xar\u0131lan F.Amatoya 19 il h\u0259bs c\u0259zas\u0131 verilib v\u0259 o, bundan sonra po&ccedil;t \u015f&ouml;b\u0259sin\u0259 g\u0259l\u0259r\u0259k \u0259m\u0259kda\u015flar\u0131 girov g&ouml;t&uuml;r&uuml;b.report<\/p>\n","protected":false},"excerpt":{"rendered":"<p>\u0130taliyan\u0131n Reggio Emilia \u015f\u0259h\u0259rind\u0259 Fran&ccedil;esko Amato adl\u0131 bir n\u0259f\u0259r po&ccedil;t \u015f&ouml;b\u0259sinin d&ouml;rd \u0259m\u0259kda\u015f\u0131n\u0131 girov g&ouml;t&uuml;r&uuml;b. O, girovlar\u0131n azad edilm\u0259si &uuml;&ccedil;&uuml;n &ouml;lk\u0259nin daxili i\u015fl\u0259r naziri Matteo Salvini il\u0259 g&ouml;r&uuml;\u015fm\u0259k t\u0259l\u0259bini ir\u0259li&hellip;<\/p>\n","protected":false},"author":1,"featured_media":251278,"comment_status":"open","ping_status":"open","sticky":false,"template":"","format":"standard","meta":{"_lmt_disableupdate":"","_lmt_disable":"","footnotes":""},"categories":[89],"tags":[],"class_list":["post-70675","post","type-post","status-publish","format-standard","has-post-thumbnail","hentry","category-dunya-butun-xeberler"],"_links":{"self":[{"href":"https:\/\/ucnoqta.az\/index.php?rest_route=\/wp\/v2\/posts\/70675","targetHints":{"allow":["GET"]}}],"collection":[{"href":"https:\/\/ucnoqta.az\/index.php?rest_route=\/wp\/v2\/posts"}],"about":[{"href":"https:\/\/ucnoqta.az\/index.php?rest_route=\/wp\/v2\/types\/post"}],"author":[{"embeddable":true,"href":"https:\/\/ucnoqta.az\/index.php?rest_route=\/wp\/v2\/users\/1"}],"replies":[{"embeddable":true,"href":"https:\/\/ucnoqta.az\/index.php?rest_route=%2Fwp%2Fv2%2Fcomments&post=70675"}],"version-history":[{"count":0,"href":"https:\/\/ucnoqta.az\/index.php?rest_route=\/wp\/v2\/posts\/70675\/revisions"}],"wp:featuredmedia":[{"embeddable":true,"href":"https:\/\/ucnoqta.az\/index.php?rest_route=\/wp\/v2\/media\/251278"}],"wp:attachment":[{"href":"https:\/\/ucnoqta.az\/index.php?rest_route=%2Fwp%2Fv2%2Fmedia&parent=70675"}],"wp:term":[{"taxonomy":"category","embeddable":true,"href":"https:\/\/ucnoqta.az\/index.php?rest_route=%2Fwp%2Fv2%2Fcategories&post=70675"},{"taxonomy":"post_tag","embeddable":true,"href":"https:\/\/ucnoqta.az\/index.php?rest_route=%2Fwp%2Fv2%2Ftags&post=70675"}],"curies":[{"name":"wp","href":"https:\/\/api.w.org\/{rel}","templated":true}]}}