{"id":70667,"date":"2018-11-05T15:28:45","date_gmt":"2018-11-05T11:28:45","guid":{"rendered":""},"modified":"-0001-11-30T00:00:00","modified_gmt":"-0001-11-29T20:00:00","slug":"","status":"publish","type":"post","link":"https:\/\/ucnoqta.az\/?p=70667","title":{"rendered":"Prezident v\u0259 birinci xan\u0131m A\u011fcab\u0259did\u0259 pamb\u0131q\u00e7\u0131larla g\u00f6r\u00fc\u015f\u00fcbl\u0259r- <font color=red><b>Foto<\/b><\/font>"},"content":{"rendered":"<p><strong>Az\u0259rbaycan Prezidenti \u0130lham \u018fliyev v\u0259 birinci xan\u0131m Mehriban \u018fliyeva A\u011fdam rayonuna s\u0259f\u0259ri &ccedil;\u0259r&ccedil;iv\u0259sind\u0259 A\u011fcab\u0259di rayonunun Hindarx q\u0259s\u0259b\u0259sind\u0259 fermer \u018fsm\u0259r H&uuml;seynovaya m\u0259xsus 4 hektar pay torpa\u011f\u0131nda \u0259kilmi\u015f pamb\u0131q sah\u0259si il\u0259 tan\u0131\u015f olublar.<\/strong><\/p>\n<p>A\u011fcab\u0259di Rayon \u0130cra Hakimiyy\u0259tinin ba\u015f&ccedil;\u0131s\u0131 \u015eahin M\u0259mm\u0259dov v\u0259 fermer \u018fsm\u0259r H&uuml;seynova t\u0259s\u0259rr&uuml;fatda g&ouml;r&uuml;l\u0259n i\u015fl\u0259r bar\u0259d\u0259 d&ouml;vl\u0259timizin ba\u015f&ccedil;\u0131s\u0131na v\u0259 birinci xan\u0131ma m\u0259lumat verdil\u0259r.<br \/>\nBildirildi ki, &ouml;t\u0259n il bu fermer t\u0259s\u0259rr&uuml;fat\u0131nda 70 hektar sah\u0259d\u0259 pamb\u0131q \u0259kilib v\u0259 253 ton m\u0259hsul g&ouml;t&uuml;r&uuml;l&uuml;b.<\/p>\n<p>Prezident \u0130lham \u018fliyev v\u0259 birinci xan\u0131m Mehriban \u018fliyeva pamb\u0131q&ccedil;\u0131larla g&ouml;r&uuml;\u015f&uuml;b s&ouml;hb\u0259t etdil\u0259r.<\/p>\n<p>Qeyd ed\u0259k ki, d&ouml;vl\u0259timizin ba\u015f&ccedil;\u0131s\u0131n\u0131n &ouml;lk\u0259d\u0259 aqrar sektorun \u0259n\u0259n\u0259vi sah\u0259si olan pamb\u0131q&ccedil;\u0131l\u0131\u011f\u0131n inki\u015faf\u0131 il\u0259 \u0259laq\u0259dar verdiyi t&ouml;vsiy\u0259 v\u0259 tap\u015f\u0131r\u0131qlara m&uuml;vafiq olaraq, son ill\u0259r bu sah\u0259nin dir&ccedil;\u0259ldilm\u0259si &uuml;&ccedil;&uuml;n m&uuml;h&uuml;m add\u0131mlar at\u0131l\u0131b. &Ouml;lk\u0259mizd\u0259 pamb\u0131q&ccedil;\u0131l\u0131\u011f\u0131n inki\u015faf\u0131na g&ouml;st\u0259ril\u0259n d&ouml;vl\u0259t qay\u011f\u0131s\u0131 A\u011fcab\u0259di rayonunda da torpaq sahibl\u0259rinin bu sah\u0259y\u0259 mara\u011f\u0131n\u0131 ild\u0259n-il\u0259 art\u0131r\u0131r. \u018fg\u0259r &ouml;t\u0259n il A\u011fcab\u0259di rayonu \u0259razisind\u0259 9550 hektarda pamb\u0131q \u0259kilmi\u015fdis\u0259, bu il 10 min hektar sah\u0259d\u0259 &ldquo;a\u011f q\u0131z\u0131l&rdquo; bec\u0259rilib. Y&uuml;ks\u0259k m\u0259hsul \u0259ld\u0259 etm\u0259k &uuml;&ccedil;&uuml;n \u0259kin sah\u0259l\u0259rind\u0259 aqrotexniki bec\u0259rm\u0259 qaydalar\u0131na ard\u0131c\u0131l v\u0259 d&uuml;zg&uuml;n \u0259m\u0259l olunub, alaq otlar\u0131na v\u0259 z\u0259r\u0259rvericil\u0259r\u0259 qar\u015f\u0131 kimy\u0259vi m&uuml;bariz\u0259 t\u0259dbirl\u0259ri vaxt\u0131nda apar\u0131l\u0131b, bitkil\u0259r t\u0259l\u0259bata uy\u011fun optimal m&uuml;dd\u0259td\u0259 mineral g&uuml;br\u0259 v\u0259 suvarma suyu il\u0259 t\u0259min edilib. N\u0259tic\u0259d\u0259 tarlalarda bol m\u0259hsul yeti\u015fib.<\/p>\n<p>Diqq\u0259t\u0259 &ccedil;atd\u0131r\u0131ld\u0131 ki, pamb\u0131\u011f\u0131n ma\u015f\u0131nla y\u0131\u011f\u0131lmas\u0131 &uuml;&ccedil;&uuml;n defolyasiya i\u015fl\u0259ri apar\u0131l\u0131b. Haz\u0131rda b&uuml;t&uuml;n q&uuml;vv\u0259l\u0259r m&uuml;h&uuml;m strateji m\u0259hsul olan pamb\u0131\u011f\u0131n tez v\u0259 itkisiz y\u0131\u011f\u0131lmas\u0131na s\u0259f\u0259rb\u0259r edilib. Pamb\u0131q y\u0131\u011f\u0131m\u0131na 41 kombayn, 108 traktor, 200-d\u0259n art\u0131q qo\u015fqu c\u0259lb edilib. A\u011fcab\u0259dili &ldquo;a\u011f q\u0131z\u0131l&rdquo; ustalar\u0131 t\u0259s\u0259rr&uuml;fat ilini u\u011furla ba\u015fa vurmaq, 25 min tondan art\u0131q pamb\u0131q istehsal ed\u0259r\u0259k strateji m\u0259hsulun t\u0259dar&uuml;k&uuml;nd\u0259 respublikan\u0131n qabaqc\u0131llar\u0131 s\u0131ras\u0131nda olma\u011f\u0131 h\u0259d\u0259fl\u0259yibl\u0259r.<\/p>\n<p>Pamb\u0131q&ccedil;\u0131lar &ouml;lk\u0259mizd\u0259 k\u0259nd t\u0259s\u0259rr&uuml;fat\u0131n\u0131n bu sah\u0259sinin inki\u015faf\u0131na g&ouml;st\u0259ril\u0259n y&uuml;ks\u0259k qay\u011f\u0131ya g&ouml;r\u0259 minn\u0259tdarl\u0131\u011f\u0131n\u0131 bildirdil\u0259r.<\/p>\n<p>Sonda xatir\u0259 \u015f\u0259kli &ccedil;\u0259kdirildi.<\/p>\n","protected":false},"excerpt":{"rendered":"<p>Az\u0259rbaycan Prezidenti \u0130lham \u018fliyev v\u0259 birinci xan\u0131m Mehriban \u018fliyeva A\u011fdam rayonuna s\u0259f\u0259ri &ccedil;\u0259r&ccedil;iv\u0259sind\u0259 A\u011fcab\u0259di rayonunun Hindarx q\u0259s\u0259b\u0259sind\u0259 fermer \u018fsm\u0259r H&uuml;seynovaya m\u0259xsus 4 hektar pay torpa\u011f\u0131nda \u0259kilmi\u015f pamb\u0131q sah\u0259si il\u0259 tan\u0131\u015f&hellip;<\/p>\n","protected":false},"author":1,"featured_media":251278,"comment_status":"open","ping_status":"open","sticky":false,"template":"","format":"standard","meta":{"_lmt_disableupdate":"","_lmt_disable":"","footnotes":""},"categories":[],"tags":[],"class_list":["post-70667","post","type-post","status-publish","format-standard","has-post-thumbnail","hentry"],"_links":{"self":[{"href":"https:\/\/ucnoqta.az\/index.php?rest_route=\/wp\/v2\/posts\/70667","targetHints":{"allow":["GET"]}}],"collection":[{"href":"https:\/\/ucnoqta.az\/index.php?rest_route=\/wp\/v2\/posts"}],"about":[{"href":"https:\/\/ucnoqta.az\/index.php?rest_route=\/wp\/v2\/types\/post"}],"author":[{"embeddable":true,"href":"https:\/\/ucnoqta.az\/index.php?rest_route=\/wp\/v2\/users\/1"}],"replies":[{"embeddable":true,"href":"https:\/\/ucnoqta.az\/index.php?rest_route=%2Fwp%2Fv2%2Fcomments&post=70667"}],"version-history":[{"count":0,"href":"https:\/\/ucnoqta.az\/index.php?rest_route=\/wp\/v2\/posts\/70667\/revisions"}],"wp:featuredmedia":[{"embeddable":true,"href":"https:\/\/ucnoqta.az\/index.php?rest_route=\/wp\/v2\/media\/251278"}],"wp:attachment":[{"href":"https:\/\/ucnoqta.az\/index.php?rest_route=%2Fwp%2Fv2%2Fmedia&parent=70667"}],"wp:term":[{"taxonomy":"category","embeddable":true,"href":"https:\/\/ucnoqta.az\/index.php?rest_route=%2Fwp%2Fv2%2Fcategories&post=70667"},{"taxonomy":"post_tag","embeddable":true,"href":"https:\/\/ucnoqta.az\/index.php?rest_route=%2Fwp%2Fv2%2Ftags&post=70667"}],"curies":[{"name":"wp","href":"https:\/\/api.w.org\/{rel}","templated":true}]}}