{"id":70666,"date":"2018-11-05T15:14:46","date_gmt":"2018-11-05T11:14:46","guid":{"rendered":""},"modified":"-0001-11-30T00:00:00","modified_gmt":"-0001-11-29T20:00:00","slug":"","status":"publish","type":"post","link":"https:\/\/ucnoqta.az\/?p=70666","title":{"rendered":"Vaqifd\u0259n \u00c7elentano a\u00e7\u0131qlamas\u0131: &#8220;Az qala m\u0259ni &#8220;V\u0259t\u0259n xaini&#8221; ed\u0259l\u0259r&#8221;"},"content":{"rendered":"<p><strong>X\u0259b\u0259r verdiyimiz kimi, m&uuml;\u011f\u0259nni Vaqif Na\u011f\u0131yev bir ne&ccedil;\u0259 g&uuml;n \u0259vv\u0259l italyan m&uuml;\u011f\u0259nni Adriano &Ccedil;elentano il\u0259 duet oxumas\u0131 haqda video yay\u0131b. Daha sonra is\u0259 onun s\u0259hn\u0259ni b&ouml;l&uuml;\u015fd&uuml;y&uuml; \u015f\u0259xsin &Ccedil;elentanonun &ouml;z&uuml; yox, b\u0259nz\u0259ri Adolfo Sebastyan oldu\u011fu ortaya &ccedil;\u0131x\u0131b.&nbsp;<\/strong><\/p>\n<p>Ucnoqta.az x\u0259b\u0259r verir ki, V.Na\u011f\u0131yev Ax\u015fam.az-a a&ccedil;\u0131qlama ver\u0259r\u0259k, m\u0259s\u0259l\u0259y\u0259 ayd\u0131nl\u0131q g\u0259tirib. O bildirib ki, &ouml;z&uuml; bil\u0259-bil\u0259 bel\u0259 bir add\u0131m at\u0131b: &quot;On il \u0259vv\u0259l &Ccedil;elentano a&ccedil;\u0131qlama verib ki, art\u0131q oxumayacaq v\u0259 Sebastyan onun ad\u0131ndan istifad\u0259 ed\u0259r\u0259k, konsertl\u0259r\u0259 qat\u0131la bil\u0259r. \u018fslind\u0259 &Ccedil;elentanonun s\u0259n\u0259tin\u0259 b\u0259l\u0259d olan bilm\u0259liydi ki, m\u0259niml\u0259 s\u0259hn\u0259d\u0259 olan onun b\u0259nz\u0259ridir. Odessadan Kiyev\u0259 s\u0259h\u0259r saat 6-da &ccedil;atm\u0131\u015fam. M\u0259ni yuxudan oyad\u0131blar ki, s\u0259ni y\u0131x\u0131b-s&uuml;r&uuml;y&uuml;rl\u0259r. Yax\u015f\u0131 edirl\u0259r, etsinl\u0259r. Az qala m\u0259ni &quot;V\u0259t\u0259n xaini&quot; ed\u0259l\u0259r. \u018fslind\u0259, mediadan &uuml;zr ist\u0259yir\u0259m ki, m\u0259ni d&uuml;z ba\u015fa d&uuml;\u015fm\u0259yibl\u0259r. El\u0259 bildim ki, ham\u0131 anlayacaq, ax\u0131 &Ccedil;elentano s\u0259hn\u0259y\u0259 &ccedil;\u0131xm\u0131r.&nbsp;<\/p>\n<p>Bizim m\u0259\u015fhurlar\u0131m\u0131z m\u0259niml\u0259 ba\u011fl\u0131 payla\u015f\u0131mlar edibl\u0259r. Deyirl\u0259r, &ouml;z&uuml;m&uuml; reklam edir\u0259m. M\u0259n bununla n\u0259 qazand\u0131m? Uza\u011f\u0131 iki-&uuml;&ccedil; g&uuml;n payla\u015f\u0131l\u0131b, sonra unudulacaq. Budur reklam? &Ccedil;ox pe\u015fmanam ki, indi sosial \u015f\u0259b\u0259k\u0259l\u0259rd\u0259ki payla\u015f\u0131mlar bel\u0259 y&ouml;nd\u0259dir. Onlar\u0131n ucbat\u0131ndan saytlar da yaz\u0131 qoya bilmir. Bizim m\u0259\u015fhurlar Az\u0259ri Vandam\u0131 payla\u015f\u0131b, g&uuml;nd\u0259mi z\u0259bt etm\u0259kl\u0259 m\u0259\u015f\u011fuldular&quot;.<\/p>\n<p>Vaqif bildirib ki, Sebastyan\u0131n arzusu Bak\u0131ya g\u0259lib, konsert verm\u0259kdir:<\/p>\n<p>&quot;M\u0259niml\u0259 bir videosu var, Bak\u0131ya g\u0259lm\u0259k ist\u0259diyini deyib. Buradan t\u0259\u015fkilat&ccedil;\u0131lara s\u0259sl\u0259nir\u0259m ki, onun &uuml;&ccedil;&uuml;n Bak\u0131da konsert t\u0259\u015fkil etsinl\u0259r&quot;.<\/p>\n","protected":false},"excerpt":{"rendered":"<p>X\u0259b\u0259r verdiyimiz kimi, m&uuml;\u011f\u0259nni Vaqif Na\u011f\u0131yev bir ne&ccedil;\u0259 g&uuml;n \u0259vv\u0259l italyan m&uuml;\u011f\u0259nni Adriano &Ccedil;elentano il\u0259 duet oxumas\u0131 haqda video yay\u0131b. Daha sonra is\u0259 onun s\u0259hn\u0259ni b&ouml;l&uuml;\u015fd&uuml;y&uuml; \u015f\u0259xsin &Ccedil;elentanonun &ouml;z&uuml; yox,&hellip;<\/p>\n","protected":false},"author":1,"featured_media":251278,"comment_status":"open","ping_status":"open","sticky":false,"template":"","format":"standard","meta":{"_lmt_disableupdate":"","_lmt_disable":"","footnotes":""},"categories":[92],"tags":[],"class_list":["post-70666","post","type-post","status-publish","format-standard","has-post-thumbnail","hentry","category-maqazin"],"_links":{"self":[{"href":"https:\/\/ucnoqta.az\/index.php?rest_route=\/wp\/v2\/posts\/70666","targetHints":{"allow":["GET"]}}],"collection":[{"href":"https:\/\/ucnoqta.az\/index.php?rest_route=\/wp\/v2\/posts"}],"about":[{"href":"https:\/\/ucnoqta.az\/index.php?rest_route=\/wp\/v2\/types\/post"}],"author":[{"embeddable":true,"href":"https:\/\/ucnoqta.az\/index.php?rest_route=\/wp\/v2\/users\/1"}],"replies":[{"embeddable":true,"href":"https:\/\/ucnoqta.az\/index.php?rest_route=%2Fwp%2Fv2%2Fcomments&post=70666"}],"version-history":[{"count":0,"href":"https:\/\/ucnoqta.az\/index.php?rest_route=\/wp\/v2\/posts\/70666\/revisions"}],"wp:featuredmedia":[{"embeddable":true,"href":"https:\/\/ucnoqta.az\/index.php?rest_route=\/wp\/v2\/media\/251278"}],"wp:attachment":[{"href":"https:\/\/ucnoqta.az\/index.php?rest_route=%2Fwp%2Fv2%2Fmedia&parent=70666"}],"wp:term":[{"taxonomy":"category","embeddable":true,"href":"https:\/\/ucnoqta.az\/index.php?rest_route=%2Fwp%2Fv2%2Fcategories&post=70666"},{"taxonomy":"post_tag","embeddable":true,"href":"https:\/\/ucnoqta.az\/index.php?rest_route=%2Fwp%2Fv2%2Ftags&post=70666"}],"curies":[{"name":"wp","href":"https:\/\/api.w.org\/{rel}","templated":true}]}}