{"id":70664,"date":"2018-11-05T15:06:56","date_gmt":"2018-11-05T11:06:56","guid":{"rendered":""},"modified":"-0001-11-30T00:00:00","modified_gmt":"-0001-11-29T20:00:00","slug":"","status":"publish","type":"post","link":"https:\/\/ucnoqta.az\/?p=70664","title":{"rendered":"Maliyy\u0259 naziri: <font color=red><b>&#8220;N\u00f6vb\u0259ti ild\u0259 b\u00f6y\u00fck vergi islahat\u0131 apar\u0131lacaq&#8221;<\/b><\/font>"},"content":{"rendered":"<p><strong>&nbsp;&quot;N&ouml;vb\u0259ti ild\u0259 faktiki olaraq b&ouml;y&uuml;k vergi islahat\u0131na gedirik. Bu, d&ouml;vl\u0259t t\u0259r\u0259find\u0259n at\u0131lan kifay\u0259t q\u0259d\u0259r c\u0259sar\u0259tli add\u0131md\u0131r. M&uuml;\u0259yy\u0259n vaxt \u0259rzind\u0259 d&ouml;vl\u0259t b&uuml;dc\u0259sinin g\u0259lirinin bir hiss\u0259sind\u0259n faktiki olaraq imtina edirik&quot;.<\/strong><\/p>\n<p>Ucnoqta.az &quot;Report&quot;a istinad\u0259n x\u0259b\u0259r verir ki, bu bar\u0259d\u0259 maliyy\u0259 naziri Samir \u015e\u0259rifov bildirib.&quot;Ona g&ouml;r\u0259 ki, biz ist\u0259yirik iqtisadiyyatda \u015f\u0259ffafla\u015fma ba\u015f versin, k&ouml;lg\u0259 iqtisadiyyat\u0131 t\u0259dric\u0259n azald\u0131ls\u0131n v\u0259 bunun &uuml;&ccedil;&uuml;n sahibkarlar &uuml;&ccedil;&uuml;n stimul yarad\u0131r\u0131q. Sahibkarlar\u0131 h\u0259v\u0259sl\u0259ndiririk ki, onlar da bu add\u0131m\u0131 d\u0259st\u0259kl\u0259sinl\u0259r. Sosial s\u0131\u011forta haqlar\u0131n\u0131n i\u015f&ccedil;i v\u0259 i\u015f\u0259g&ouml;t&uuml;r\u0259n aras\u0131nda b&ouml;lg&uuml; m\u0259s\u0259l\u0259sin\u0259 toxunmu\u015fuq. Bunlardan sonra bel\u0259 ARDNF-d\u0259n transfert \u0259h\u0259miyy\u0259tli d\u0259r\u0259c\u0259d\u0259 artm\u0131r&quot;,- nazir deyib.<\/p>\n<p>O qeyd edib ki, \u0259vv\u0259ll\u0259r D&ouml;vl\u0259t Neft Fondunun x\u0259tti il\u0259 bir s\u0131ra layih\u0259l\u0259r maliyy\u0259l\u0259\u015fdirilirdi: &quot;\u0130ndi bu layih\u0259l\u0259r d&ouml;vl\u0259t b&uuml;dc\u0259si il\u0259 maliyy\u0259l\u0259\u015fdiril\u0259c\u0259k&quot;.&nbsp;<\/p>\n","protected":false},"excerpt":{"rendered":"<p>&nbsp;&quot;N&ouml;vb\u0259ti ild\u0259 faktiki olaraq b&ouml;y&uuml;k vergi islahat\u0131na gedirik. Bu, d&ouml;vl\u0259t t\u0259r\u0259find\u0259n at\u0131lan kifay\u0259t q\u0259d\u0259r c\u0259sar\u0259tli add\u0131md\u0131r. M&uuml;\u0259yy\u0259n vaxt \u0259rzind\u0259 d&ouml;vl\u0259t b&uuml;dc\u0259sinin g\u0259lirinin bir hiss\u0259sind\u0259n faktiki olaraq imtina edirik&quot;. Ucnoqta.az &quot;Report&quot;a&hellip;<\/p>\n","protected":false},"author":1,"featured_media":251278,"comment_status":"open","ping_status":"open","sticky":false,"template":"","format":"standard","meta":{"_lmt_disableupdate":"","_lmt_disable":"","footnotes":""},"categories":[],"tags":[],"class_list":["post-70664","post","type-post","status-publish","format-standard","has-post-thumbnail","hentry"],"_links":{"self":[{"href":"https:\/\/ucnoqta.az\/index.php?rest_route=\/wp\/v2\/posts\/70664","targetHints":{"allow":["GET"]}}],"collection":[{"href":"https:\/\/ucnoqta.az\/index.php?rest_route=\/wp\/v2\/posts"}],"about":[{"href":"https:\/\/ucnoqta.az\/index.php?rest_route=\/wp\/v2\/types\/post"}],"author":[{"embeddable":true,"href":"https:\/\/ucnoqta.az\/index.php?rest_route=\/wp\/v2\/users\/1"}],"replies":[{"embeddable":true,"href":"https:\/\/ucnoqta.az\/index.php?rest_route=%2Fwp%2Fv2%2Fcomments&post=70664"}],"version-history":[{"count":0,"href":"https:\/\/ucnoqta.az\/index.php?rest_route=\/wp\/v2\/posts\/70664\/revisions"}],"wp:featuredmedia":[{"embeddable":true,"href":"https:\/\/ucnoqta.az\/index.php?rest_route=\/wp\/v2\/media\/251278"}],"wp:attachment":[{"href":"https:\/\/ucnoqta.az\/index.php?rest_route=%2Fwp%2Fv2%2Fmedia&parent=70664"}],"wp:term":[{"taxonomy":"category","embeddable":true,"href":"https:\/\/ucnoqta.az\/index.php?rest_route=%2Fwp%2Fv2%2Fcategories&post=70664"},{"taxonomy":"post_tag","embeddable":true,"href":"https:\/\/ucnoqta.az\/index.php?rest_route=%2Fwp%2Fv2%2Ftags&post=70664"}],"curies":[{"name":"wp","href":"https:\/\/api.w.org\/{rel}","templated":true}]}}