{"id":70662,"date":"2018-11-05T14:47:11","date_gmt":"2018-11-05T10:47:11","guid":{"rendered":""},"modified":"-0001-11-30T00:00:00","modified_gmt":"-0001-11-29T20:00:00","slug":"","status":"publish","type":"post","link":"https:\/\/ucnoqta.az\/?p=70662","title":{"rendered":"\u201cVorskla\u201d \u2013 \u201cQaraba\u011f\u201d g\u00f6r\u00fc\u015f\u00fcn\u00fcn hakiml\u0259ri m\u00fc\u0259yy\u0259nl\u0259\u015fib"},"content":{"rendered":"<p><strong>Avropa Liqas\u0131n\u0131n qrup m\u0259rh\u0259l\u0259sinin 4-c&uuml; turunda ke&ccedil;iril\u0259c\u0259k &ldquo;Vorskla&rdquo; &ndash; &ldquo;Qaraba\u011f&rdquo; g&ouml;r&uuml;\u015f&uuml;n&uuml;n hakiml\u0259ri m&uuml;\u0259yy\u0259nl\u0259\u015fib.&nbsp;<\/strong><\/p>\n<p>Qol.az-\u0131n UEFA-n\u0131n sayt\u0131na istinad\u0259n yayd\u0131\u011f\u0131 x\u0259b\u0259r\u0259 g&ouml;r\u0259, mat&ccedil;\u0131 isve&ccedil;r\u0259li hakiml\u0259r briqadas\u0131 idar\u0259 ed\u0259c\u0259k. Qar\u015f\u0131la\u015fman\u0131n ba\u015f hakimi Sandro \u015earer olacaq. Ona Stefan De Almeyda v\u0259 Bekim Zoqay k&ouml;m\u0259klik ed\u0259c\u0259k. Raffael Zeder d&ouml;rd&uuml;nc&uuml; hakim funksiyas\u0131n\u0131 yerin\u0259 yetir\u0259c\u0259k. \u018flav\u0259 k&ouml;m\u0259k&ccedil;i hakiml\u0259r is\u0259 Alain Bieri v\u0259 Lukas Fandrix olacaq.<\/p>\n<p>Qeyd ed\u0259k ki, noyabr\u0131n 8-d\u0259 Poltovoda ke&ccedil;iril\u0259c\u0259k &ldquo;Vorskla&rdquo; &ndash; &ldquo;Qaraba\u011f&rdquo; qar\u015f\u0131la\u015fmas\u0131 Bak\u0131 vaxt\u0131 il\u0259 00:00-da start g&ouml;t&uuml;r\u0259c\u0259k.<\/p>\n","protected":false},"excerpt":{"rendered":"<p>Avropa Liqas\u0131n\u0131n qrup m\u0259rh\u0259l\u0259sinin 4-c&uuml; turunda ke&ccedil;iril\u0259c\u0259k &ldquo;Vorskla&rdquo; &ndash; &ldquo;Qaraba\u011f&rdquo; g&ouml;r&uuml;\u015f&uuml;n&uuml;n hakiml\u0259ri m&uuml;\u0259yy\u0259nl\u0259\u015fib.&nbsp; Qol.az-\u0131n UEFA-n\u0131n sayt\u0131na istinad\u0259n yayd\u0131\u011f\u0131 x\u0259b\u0259r\u0259 g&ouml;r\u0259, mat&ccedil;\u0131 isve&ccedil;r\u0259li hakiml\u0259r briqadas\u0131 idar\u0259 ed\u0259c\u0259k. Qar\u015f\u0131la\u015fman\u0131n ba\u015f hakimi Sandro&hellip;<\/p>\n","protected":false},"author":1,"featured_media":251278,"comment_status":"open","ping_status":"open","sticky":false,"template":"","format":"standard","meta":{"_lmt_disableupdate":"","_lmt_disable":"","footnotes":""},"categories":[90],"tags":[],"class_list":["post-70662","post","type-post","status-publish","format-standard","has-post-thumbnail","hentry","category-idman-butun-xeberler"],"_links":{"self":[{"href":"https:\/\/ucnoqta.az\/index.php?rest_route=\/wp\/v2\/posts\/70662","targetHints":{"allow":["GET"]}}],"collection":[{"href":"https:\/\/ucnoqta.az\/index.php?rest_route=\/wp\/v2\/posts"}],"about":[{"href":"https:\/\/ucnoqta.az\/index.php?rest_route=\/wp\/v2\/types\/post"}],"author":[{"embeddable":true,"href":"https:\/\/ucnoqta.az\/index.php?rest_route=\/wp\/v2\/users\/1"}],"replies":[{"embeddable":true,"href":"https:\/\/ucnoqta.az\/index.php?rest_route=%2Fwp%2Fv2%2Fcomments&post=70662"}],"version-history":[{"count":0,"href":"https:\/\/ucnoqta.az\/index.php?rest_route=\/wp\/v2\/posts\/70662\/revisions"}],"wp:featuredmedia":[{"embeddable":true,"href":"https:\/\/ucnoqta.az\/index.php?rest_route=\/wp\/v2\/media\/251278"}],"wp:attachment":[{"href":"https:\/\/ucnoqta.az\/index.php?rest_route=%2Fwp%2Fv2%2Fmedia&parent=70662"}],"wp:term":[{"taxonomy":"category","embeddable":true,"href":"https:\/\/ucnoqta.az\/index.php?rest_route=%2Fwp%2Fv2%2Fcategories&post=70662"},{"taxonomy":"post_tag","embeddable":true,"href":"https:\/\/ucnoqta.az\/index.php?rest_route=%2Fwp%2Fv2%2Ftags&post=70662"}],"curies":[{"name":"wp","href":"https:\/\/api.w.org\/{rel}","templated":true}]}}