{"id":70659,"date":"2018-11-05T14:11:29","date_gmt":"2018-11-05T10:11:29","guid":{"rendered":""},"modified":"-0001-11-30T00:00:00","modified_gmt":"-0001-11-29T20:00:00","slug":"","status":"publish","type":"post","link":"https:\/\/ucnoqta.az\/?p=70659","title":{"rendered":"Prezidenti \u0130lham \u018fliyev v\u0259 birinci xan\u0131m Mehriban \u018fliyeva A\u011fdam Mu\u011fam M\u0259rk\u0259zinin a\u00e7\u0131l\u0131\u015f\u0131nda i\u015ftirak edibl\u0259r"},"content":{"rendered":"<p><strong>Noyabr\u0131n 5-d\u0259 Az\u0259rbaycan Respublikas\u0131n\u0131n Prezidenti \u0130lham \u018fliyev v\u0259 birinci xan\u0131m Mehriban \u018fliyeva Heyd\u0259r \u018fliyev Fondunun t\u0259\u015f\u0259bb&uuml;s&uuml; il\u0259 in\u015fa olunan A\u011fdam Mu\u011fam M\u0259rk\u0259zinin a&ccedil;\u0131l\u0131\u015f\u0131nda i\u015ftirak edibl\u0259r.<\/strong><\/p>\n<p>D&ouml;vl\u0259timizin ba\u015f&ccedil;\u0131s\u0131 v\u0259 birinci xan\u0131m A\u011fdam Mu\u011fam M\u0259rk\u0259zinin r\u0259mzi a&ccedil;\u0131l\u0131\u015f\u0131n\u0131 bildir\u0259n lenti k\u0259sdil\u0259r.<\/p>\n<p>Q\u0259dim v\u0259 z\u0259ngin m\u0259d\u0259niyy\u0259timizin vizit kart\u0131 mu\u011fam, eyni zamanda, xalq\u0131m\u0131z\u0131n malik oldu\u011fu milli m\u0259d\u0259niyy\u0259tin koloriti, h\u0259r birimizin m\u0259n\u0259vi v\u0259 ruhi qidas\u0131d\u0131r. B&uuml;t&uuml;n az\u0259rbaycanl\u0131lar\u0131n h\u0259yat hekay\u0259tin\u0259 &ccedil;evril\u0259n mu\u011fam\u0131n t\u0259bli\u011fin\u0259 son ill\u0259rd\u0259 ist\u0259r &ouml;lk\u0259mizd\u0259, ist\u0259rs\u0259 d\u0259 onun h&uuml;dudlar\u0131ndan k\u0259narda d&ouml;vl\u0259t s\u0259viyy\u0259sind\u0259 y&uuml;ks\u0259k diqq\u0259t g&ouml;st\u0259rilir. Mu\u011fam\u0131n ya\u015famas\u0131, d&uuml;nyada layiqinc\u0259 t\u0259bli\u011fi v\u0259 g\u0259l\u0259c\u0259k n\u0259sill\u0259r\u0259 &ouml;t&uuml;r&uuml;lm\u0259si bax\u0131m\u0131ndan son d&ouml;vrl\u0259rd\u0259 yarad\u0131lan Mu\u011fam m\u0259rk\u0259zl\u0259rinin m&uuml;st\u0259sna \u0259h\u0259miyy\u0259ti var. Bu m\u0259s\u0259l\u0259d\u0259 Heyd\u0259r \u018fliyev Fondunun t\u0259\u015f\u0259bb&uuml;s&uuml; il\u0259 A\u011fdam rayonunda yarad\u0131lan Mu\u011fam M\u0259rk\u0259zi d\u0259 b&ouml;y&uuml;k rol oynay\u0131r. 2008-ci ild\u0259 Bak\u0131da v\u0259 A\u011fcab\u0259did\u0259, 2010-cu ild\u0259 F&uuml;zulid\u0259 in\u015fa olunan Mu\u011fam m\u0259rk\u0259zl\u0259ri &ouml;lk\u0259mizd\u0259 mu\u011fam\u0131n inki\u015faf\u0131na m&uuml;h&uuml;m t&ouml;hf\u0259l\u0259r verib.<\/p>\n<p>B\u0259\u015f\u0259riyy\u0259tin \u015fifahi v\u0259 m\u0259n\u0259vi irsinin incil\u0259rind\u0259n olan mu\u011fam\u0131n t\u0259bli\u011fi v\u0259 inki\u015faf\u0131 istiqam\u0259tind\u0259 d&ouml;vl\u0259timiz t\u0259r\u0259find\u0259n son ill\u0259rd\u0259 g&ouml;r&uuml;l\u0259n sanball\u0131 i\u015fl\u0259r\u0259 Az\u0259rbaycan\u0131n birinci xan\u0131m\u0131 Mehriban \u018fliyevan\u0131n r\u0259hb\u0259rlik etdiyi Heyd\u0259r \u018fliyev Fondu da tarixi t&ouml;hf\u0259l\u0259r verib. Fondun h\u0259yata ke&ccedil;irdiyi layih\u0259l\u0259rin n\u0259tic\u0259sidir ki, 2003-c&uuml; ild\u0259 UNESCO h\u0259m milli, h\u0259m d\u0259 b\u0259\u015f\u0259r m\u0259d\u0259niyy\u0259ti &uuml;&ccedil;&uuml;n Az\u0259rbaycan mu\u011fam\u0131n\u0131n b\u0259dii d\u0259y\u0259rini etiraf etdi. Mu\u011fam UNESCO-nun &ldquo;B\u0259\u015f\u0259riyy\u0259tin \u015fifahi v\u0259 qeyri-maddi irsinin \u015fah \u0259s\u0259rl\u0259ri&rdquo; siyah\u0131s\u0131na sal\u0131n\u0131b. &Ouml;t\u0259n ill\u0259rd\u0259 Heyd\u0259r \u018fliyev Fondu il\u0259 Az\u0259rbaycan Televiziyas\u0131n\u0131n birg\u0259 layih\u0259si \u0259sas\u0131nda &ldquo;Mu\u011fam televiziya m&uuml;sabiq\u0259l\u0259ri&rdquo;nin ke&ccedil;irilm\u0259si bu \u0259v\u0259zsiz s\u0259n\u0259t n&uuml;mun\u0259sinin ya\u015fad\u0131lmas\u0131, xalq\u0131m\u0131z\u0131n q\u0259dim yadda\u015f\u0131ndan g\u0259l\u0259n mu\u011famlar\u0131m\u0131z\u0131n qorunmas\u0131 istiqam\u0259tind\u0259 m&uuml;h&uuml;m hadis\u0259l\u0259r kimi tarix\u0259 d&uuml;\u015f&uuml;b.<\/p>\n<p>Mu\u011fam s\u0259n\u0259tinin &ouml;lm\u0259zliyini t\u0259min ed\u0259n d\u0259rin m\u0259zmun v\u0259 f\u0259ls\u0259fi m\u0259na onun malik oldu\u011fu xalq\u0131n &ouml;z\u0259lliyi il\u0259 ba\u011fl\u0131d\u0131r. Xalq\u0131m\u0131z\u0131n &ouml;z&uuml; q\u0259d\u0259r q\u0259dim olan mu\u011fam\u0131n ya\u015fad\u0131lmas\u0131 v\u0259 g\u0259l\u0259c\u0259k n\u0259sill\u0259r\u0259 &ccedil;atd\u0131r\u0131lmas\u0131 istiqam\u0259tind\u0259 h\u0259yata ke&ccedil;iril\u0259n b&uuml;t&uuml;n bu layih\u0259l\u0259r ilk n&ouml;vb\u0259d\u0259 mu\u011fam ustadlar\u0131, bu s\u0259n\u0259tl\u0259 m\u0259\u015f\u011ful olan insanlar &uuml;&ccedil;&uuml;n \u0259sl h\u0259diyy\u0259dir. Xalq\u0131m\u0131z\u0131n q\u0259dim m\u0259d\u0259ni irsinin &ouml;lm\u0259z n&uuml;mun\u0259si, Az\u0259rbaycan musiqisinin z\u0259ngin f\u0259ls\u0259fi t\u0259m\u0259l &uuml;z\u0259rind\u0259 t\u0259\u015f\u0259kk&uuml;l tapmas\u0131nda \u0259v\u0259zsiz rol oynayan mu\u011fam &uuml;mumilikd\u0259, b\u0259\u015f\u0259r m\u0259d\u0259niyy\u0259tinin nadir incil\u0259ri s\u0131ras\u0131ndad\u0131r.<\/p>\n<p>Bildirildi ki, A\u011fdam Mu\u011fam M\u0259rk\u0259zinin in\u015fas\u0131na 2016-c\u0131 ilin oktyabr\u0131nda ba\u015flan\u0131l\u0131b. \u0130n\u015faat i\u015fl\u0259ri bu ilin sentyabr\u0131nda ba\u015fa &ccedil;atd\u0131r\u0131l\u0131b. Mu\u011fam M\u0259rk\u0259zinin \u0259razisi 7782 kvadratmetr, tikintialt\u0131 sah\u0259si is\u0259 1800 kvadratmetrdir. \u0130kim\u0259rt\u0259b\u0259li bina y&uuml;ks\u0259k z&ouml;vql\u0259 m&uuml;asir s\u0259viyy\u0259d\u0259 in\u015fa olunub. Burada qrim, g&ouml;zl\u0259m\u0259, texniki, inzibati, yard\u0131m&ccedil;\u0131 v\u0259 dig\u0259r otaqlar yarad\u0131l\u0131b. M\u0259rk\u0259zd\u0259 musiqi al\u0259tl\u0259rinin t\u0259miri emalatxanas\u0131 da f\u0259aliyy\u0259t g&ouml;st\u0259r\u0259c\u0259k. Bu m\u0259rk\u0259zin konsert zal\u0131 da m&uuml;asirliyi il\u0259 se&ccedil;ilir. Buradak\u0131 328 yerlik konsert zal\u0131nda m&uuml;xt\u0259lif m\u0259d\u0259ni t\u0259dbirl\u0259r, o c&uuml;ml\u0259d\u0259n mu\u011fam gec\u0259l\u0259ri ke&ccedil;irm\u0259k &uuml;&ccedil;&uuml;n h\u0259rt\u0259r\u0259fli \u015f\u0259rait var. M\u0259rk\u0259zd\u0259ki sinif otaqlar\u0131nda mu\u011fam\u0131n sirl\u0259rin\u0259 yiy\u0259l\u0259nm\u0259k &uuml;&ccedil;&uuml;n b&uuml;t&uuml;n imkanlar m&ouml;vcuddur.<\/p>\n<p>Qeyd edildi ki, A\u011fdam Mu\u011fam M\u0259rk\u0259zi konsert m&uuml;\u0259ssis\u0259si qismind\u0259 f\u0259aliyy\u0259t g&ouml;st\u0259r\u0259c\u0259k. Mu\u011fam M\u0259rk\u0259zinin A\u011fdamda yarad\u0131lmas\u0131 &ccedil;ox b&ouml;y&uuml;k r\u0259mzi m\u0259na da\u015f\u0131y\u0131r. &Ccedil;&uuml;nki Qaraba\u011f mu\u011fam m\u0259kt\u0259binin q\u0259dim v\u0259 z\u0259ngin \u0259n\u0259n\u0259l\u0259ri var. Qaraba\u011f torpa\u011f\u0131 Az\u0259rbaycan\u0131n \u0259n q\u0259dim gu\u015f\u0259l\u0259rind\u0259n biri olmaqla \u015feir, s\u0259n\u0259t oca\u011f\u0131, istedadlar diyar\u0131 kimi d&uuml;nyaya m\u0259\u015fhur ustad xan\u0259nd\u0259l\u0259r b\u0259x\u015f edib. Ayr\u0131-ayr\u0131 s\u0259n\u0259tkarlar\u0131n ifa&ccedil;\u0131l\u0131q &uuml;slubunun ya\u015fad\u0131lmas\u0131nda, mu\u011fam \u0259n\u0259n\u0259l\u0259rinin, s\u0259n\u0259tkarl\u0131q sirl\u0259rinin n\u0259sill\u0259r\u0259 &ouml;t&uuml;r&uuml;lm\u0259sind\u0259 Qaraba\u011f mu\u011fam m\u0259kt\u0259binin b&ouml;y&uuml;k rolu var. Mu\u011fam Az\u0259rbaycan musiqi m\u0259d\u0259niyy\u0259tinin \u015fifahi irsinin m&uuml;h&uuml;m qismini t\u0259\u015fkil etm\u0259kl\u0259, xalq\u0131m\u0131z\u0131n m\u0259d\u0259niyy\u0259tind\u0259 v\u0259 tarixind\u0259 qoydu\u011fu d\u0259rin izl\u0259 tan\u0131n\u0131r v\u0259 sevilir. Bu m\u0259d\u0259niyy\u0259t \u015fedevrinin tarixi k&ouml;kl\u0259rinin Az\u0259rbaycanda olmas\u0131 is\u0259 ilk n&ouml;vb\u0259d\u0259 onun da\u015f\u0131y\u0131c\u0131lar\u0131n\u0131n &ouml;lk\u0259mizd\u0259 m&ouml;vcudlu\u011fu il\u0259 ba\u011fl\u0131d\u0131r. Odur ki, mu\u011fam h\u0259r bir soyda\u015f\u0131m\u0131z\u0131n ana dilidir. Mu\u011fam\u0131 sevm\u0259k, ona ba\u011flanmaq h\u0259r birimiz &uuml;&ccedil;&uuml;n son d\u0259r\u0259c\u0259 t\u0259bii v\u0259 do\u011fmad\u0131r.<\/p>\n<p>A\u011fdam Mu\u011fam M\u0259rk\u0259zinin yerl\u0259\u015fdiyi \u0259razi abadla\u015fd\u0131r\u0131l\u0131b, 0,6 hektar sah\u0259d\u0259 istirah\u0259t park\u0131 yarad\u0131l\u0131b, ya\u015f\u0131ll\u0131q zola\u011f\u0131 sal\u0131n\u0131b, g&uuml;l kollar\u0131 \u0259kilib, i\u015f\u0131qland\u0131rma sistemi qura\u015fd\u0131r\u0131l\u0131b.<\/p>\n<p>Mu\u011fam M\u0259rk\u0259zi il\u0259 tan\u0131\u015fl\u0131qdan sonra Prezident \u0130lham \u018fliyev v\u0259 birinci xan\u0131m Mehriban \u018fliyeva rayon ictimaiyy\u0259tinin n&uuml;may\u0259nd\u0259l\u0259ri v\u0259 A\u011fdam rayonundan olan inc\u0259s\u0259n\u0259t xadiml\u0259ri il\u0259 g&ouml;r&uuml;\u015fd&uuml;l\u0259r.<\/p>\n<p>D&ouml;vl\u0259timizin ba\u015f&ccedil;\u0131s\u0131 g&ouml;r&uuml;\u015fd\u0259 &ccedil;\u0131x\u0131\u015f etdi.<\/p>\n<p>Xalq artistl\u0259ri Arif Babayev, M\u0259nsum \u0130brahimov, Ayg&uuml;n Bayramova, Az\u0259rbaycan\u0131n birinci xan\u0131m\u0131 Mehriban \u018fliyeva v\u0259 Xalq artisti, tarz\u0259n Ramiz Quliyev g&ouml;r&uuml;\u015fd\u0259 &ccedil;\u0131x\u0131\u015f etdil\u0259r.<\/p>\n<p>Sonda xatir\u0259 \u015f\u0259kli &ccedil;\u0259kdirildi.<br \/>\nAz\u0259rTac<\/p>\n","protected":false},"excerpt":{"rendered":"<p>Noyabr\u0131n 5-d\u0259 Az\u0259rbaycan Respublikas\u0131n\u0131n Prezidenti \u0130lham \u018fliyev v\u0259 birinci xan\u0131m Mehriban \u018fliyeva Heyd\u0259r \u018fliyev Fondunun t\u0259\u015f\u0259bb&uuml;s&uuml; il\u0259 in\u015fa olunan A\u011fdam Mu\u011fam M\u0259rk\u0259zinin a&ccedil;\u0131l\u0131\u015f\u0131nda i\u015ftirak edibl\u0259r. D&ouml;vl\u0259timizin ba\u015f&ccedil;\u0131s\u0131 v\u0259 birinci xan\u0131m&hellip;<\/p>\n","protected":false},"author":1,"featured_media":251278,"comment_status":"open","ping_status":"open","sticky":false,"template":"","format":"standard","meta":{"_lmt_disableupdate":"","_lmt_disable":"","footnotes":""},"categories":[],"tags":[],"class_list":["post-70659","post","type-post","status-publish","format-standard","has-post-thumbnail","hentry"],"_links":{"self":[{"href":"https:\/\/ucnoqta.az\/index.php?rest_route=\/wp\/v2\/posts\/70659","targetHints":{"allow":["GET"]}}],"collection":[{"href":"https:\/\/ucnoqta.az\/index.php?rest_route=\/wp\/v2\/posts"}],"about":[{"href":"https:\/\/ucnoqta.az\/index.php?rest_route=\/wp\/v2\/types\/post"}],"author":[{"embeddable":true,"href":"https:\/\/ucnoqta.az\/index.php?rest_route=\/wp\/v2\/users\/1"}],"replies":[{"embeddable":true,"href":"https:\/\/ucnoqta.az\/index.php?rest_route=%2Fwp%2Fv2%2Fcomments&post=70659"}],"version-history":[{"count":0,"href":"https:\/\/ucnoqta.az\/index.php?rest_route=\/wp\/v2\/posts\/70659\/revisions"}],"wp:featuredmedia":[{"embeddable":true,"href":"https:\/\/ucnoqta.az\/index.php?rest_route=\/wp\/v2\/media\/251278"}],"wp:attachment":[{"href":"https:\/\/ucnoqta.az\/index.php?rest_route=%2Fwp%2Fv2%2Fmedia&parent=70659"}],"wp:term":[{"taxonomy":"category","embeddable":true,"href":"https:\/\/ucnoqta.az\/index.php?rest_route=%2Fwp%2Fv2%2Fcategories&post=70659"},{"taxonomy":"post_tag","embeddable":true,"href":"https:\/\/ucnoqta.az\/index.php?rest_route=%2Fwp%2Fv2%2Ftags&post=70659"}],"curies":[{"name":"wp","href":"https:\/\/api.w.org\/{rel}","templated":true}]}}