{"id":70648,"date":"2018-11-05T12:32:15","date_gmt":"2018-11-05T08:32:15","guid":{"rendered":""},"modified":"-0001-11-30T00:00:00","modified_gmt":"-0001-11-29T20:00:00","slug":"","status":"publish","type":"post","link":"https:\/\/ucnoqta.az\/?p=70648","title":{"rendered":"\u015eirk\u0259tin 52 min manat\u0131n\u0131n m\u0259nims\u0259y\u0259n \u015f\u0259xs saxlan\u0131l\u0131b"},"content":{"rendered":"<p><strong>Polis\u0259 yalan m\u0259lumat verdiyi m&uuml;\u0259yy\u0259n edildi<\/strong><\/p>\n<p>D\u0130N-d\u0259n Ucnoqta.az-a veril\u0259n m\u0259lumata g&ouml;r\u0259, B\u0259rd\u0259 rayonu \u0259razisind\u0259ki \u015firk\u0259tl\u0259rin birind\u0259 maliyy\u0259&ccedil;i i\u015fl\u0259y\u0259n M.C\u0259f\u0259rov Rayon Polis \u015e&ouml;b\u0259sin\u0259 m&uuml;raci\u0259t ed\u0259r\u0259k noyabr\u0131n 2-d\u0259 saat 20 rad\u0259l\u0259rind\u0259 C\u0259yirli k\u0259ndi \u0259razisind\u0259 idar\u0259 etdiyi &ldquo;Mercedes&rdquo; markal\u0131 avtomobili yolun k\u0259nar\u0131ndak\u0131 elektrik dir\u0259yin\u0259 vurdu\u011funu, hu\u015funu itirdiyind\u0259n avtomobild\u0259 olan \u015firk\u0259t\u0259 m\u0259xsus t\u0259qrib\u0259n 52 min manata yax\u0131n pulun o\u011furland\u0131\u011f\u0131n\u0131 bildirib.<\/p>\n<p>M\u0259lumatla \u0259laq\u0259dar d\u0259rhal polis \u0259m\u0259kda\u015flar\u0131 t\u0259r\u0259find\u0259n m&uuml;vafiq t\u0259dbirl\u0259r g&ouml;r&uuml;l&uuml;b. Ara\u015fd\u0131rmalarla M.C\u0259f\u0259rovun polis\u0259 yalan m\u0259lumat verdiyi &uuml;z\u0259 &ccedil;\u0131x\u0131b.<\/p>\n<p>Bel\u0259 ki, onun h\u0259min m\u0259bl\u0259\u011fd\u0259 pulu m\u0259nims\u0259y\u0259r\u0259k A\u011fdam rayon sakini olan qohumunun evind\u0259 gizl\u0259tdiyi v\u0259 q\u0259sd\u0259n yol-n\u0259qliyyat hadis\u0259si t&ouml;r\u0259d\u0259r\u0259k pulun o\u011furlanmas\u0131 bar\u0259d\u0259 yalan m\u0259lumat verdiyi m&uuml;\u0259yy\u0259n edilib.<br \/>\nM.C\u0259f\u0259rov polis \u0259m\u0259kda\u015flar\u0131 t\u0259r\u0259find\u0259n saxlan\u0131l\u0131b, g&ouml;st\u0259ril\u0259n miqdarda v\u0259sait \u015firk\u0259t\u0259 qaytar\u0131l\u0131b.<\/p>\n","protected":false},"excerpt":{"rendered":"<p>Polis\u0259 yalan m\u0259lumat verdiyi m&uuml;\u0259yy\u0259n edildi D\u0130N-d\u0259n Ucnoqta.az-a veril\u0259n m\u0259lumata g&ouml;r\u0259, B\u0259rd\u0259 rayonu \u0259razisind\u0259ki \u015firk\u0259tl\u0259rin birind\u0259 maliyy\u0259&ccedil;i i\u015fl\u0259y\u0259n M.C\u0259f\u0259rov Rayon Polis \u015e&ouml;b\u0259sin\u0259 m&uuml;raci\u0259t ed\u0259r\u0259k noyabr\u0131n 2-d\u0259 saat 20 rad\u0259l\u0259rind\u0259 C\u0259yirli&hellip;<\/p>\n","protected":false},"author":1,"featured_media":251278,"comment_status":"open","ping_status":"open","sticky":false,"template":"","format":"standard","meta":{"_lmt_disableupdate":"","_lmt_disable":"","footnotes":""},"categories":[],"tags":[],"class_list":["post-70648","post","type-post","status-publish","format-standard","has-post-thumbnail","hentry"],"_links":{"self":[{"href":"https:\/\/ucnoqta.az\/index.php?rest_route=\/wp\/v2\/posts\/70648","targetHints":{"allow":["GET"]}}],"collection":[{"href":"https:\/\/ucnoqta.az\/index.php?rest_route=\/wp\/v2\/posts"}],"about":[{"href":"https:\/\/ucnoqta.az\/index.php?rest_route=\/wp\/v2\/types\/post"}],"author":[{"embeddable":true,"href":"https:\/\/ucnoqta.az\/index.php?rest_route=\/wp\/v2\/users\/1"}],"replies":[{"embeddable":true,"href":"https:\/\/ucnoqta.az\/index.php?rest_route=%2Fwp%2Fv2%2Fcomments&post=70648"}],"version-history":[{"count":0,"href":"https:\/\/ucnoqta.az\/index.php?rest_route=\/wp\/v2\/posts\/70648\/revisions"}],"wp:featuredmedia":[{"embeddable":true,"href":"https:\/\/ucnoqta.az\/index.php?rest_route=\/wp\/v2\/media\/251278"}],"wp:attachment":[{"href":"https:\/\/ucnoqta.az\/index.php?rest_route=%2Fwp%2Fv2%2Fmedia&parent=70648"}],"wp:term":[{"taxonomy":"category","embeddable":true,"href":"https:\/\/ucnoqta.az\/index.php?rest_route=%2Fwp%2Fv2%2Fcategories&post=70648"},{"taxonomy":"post_tag","embeddable":true,"href":"https:\/\/ucnoqta.az\/index.php?rest_route=%2Fwp%2Fv2%2Ftags&post=70648"}],"curies":[{"name":"wp","href":"https:\/\/api.w.org\/{rel}","templated":true}]}}