{"id":70647,"date":"2018-11-05T12:29:51","date_gmt":"2018-11-05T08:29:51","guid":{"rendered":""},"modified":"-0001-11-30T00:00:00","modified_gmt":"-0001-11-29T20:00:00","slug":"","status":"publish","type":"post","link":"https:\/\/ucnoqta.az\/?p=70647","title":{"rendered":"Prezident \u0130lham \u018fliyev V Bak\u0131 Beyn\u0259lxalq Teatr Konfrans\u0131n\u0131n i\u015ftirak\u00e7\u0131lar\u0131na t\u0259brik m\u0259ktubu \u00fcnvanlay\u0131b"},"content":{"rendered":"<p><strong>Az\u0259rbaycan teatr\u0131 xalq\u0131m\u0131z\u0131n sosial-m\u0259d\u0259ni h\u0259yat\u0131nda &ouml;z&uuml;n\u0259m\u0259xsus layiqli yer tutur<\/strong><\/p>\n<p>Az\u0259rbaycan Prezidenti \u0130lham \u018fliyev V Bak\u0131 Beyn\u0259lxalq Teatr Konfrans\u0131n\u0131n i\u015ftirak&ccedil;\u0131lar\u0131na t\u0259brik m\u0259ktubu &uuml;nvanlay\u0131b. M\u0259ktubu Az\u0259rbaycan Prezidenti Administrasiyas\u0131n\u0131n Humanitar siyas\u0259t m\u0259s\u0259l\u0259l\u0259ri \u015f&ouml;b\u0259sinin m&uuml;diri F\u0259r\u0259h \u018fliyeva oxuyub.<br \/>\nM&uuml;raci\u0259td\u0259 deyilir:<br \/>\n&quot;H&ouml;rm\u0259tli konfrans i\u015ftirak&ccedil;\u0131lar\u0131, sizi V Bak\u0131 Beyn\u0259lxalq Teatr Konfrans\u0131n\u0131n a&ccedil;\u0131l\u0131\u015f\u0131 m&uuml;nasib\u0259til\u0259 salamlay\u0131r v\u0259 konfrans\u0131n i\u015fin\u0259 m&uuml;v\u0259ff\u0259qiyy\u0259tl\u0259r arzulay\u0131ram. M\u0259d\u0259niyy\u0259t b&uuml;t&uuml;n d&ouml;vrl\u0259rd\u0259 insanlar\u0131n &uuml;nsiyy\u0259tinin ba\u015fl\u0131ca vasit\u0259si v\u0259 sivilizasiyalar aras\u0131nda qar\u015f\u0131l\u0131ql\u0131 \u0259laq\u0259l\u0259rin etibarl\u0131 k&ouml;rp&uuml;s&uuml; olub&quot;.<br \/>\nQeyd edilib ki, teatr s\u0259n\u0259ti b\u0259dii estetik fikrin z\u0259nginl\u0259\u015fm\u0259sind\u0259 h\u0259mi\u015f\u0259 m&uuml;h&uuml;m rol oynay\u0131b:<br \/>\n&quot;XIX \u0259srin II yar\u0131s\u0131ndan ba\u015flayaraq Az\u0259rbaycanda c\u0259r\u0259yan ed\u0259n v\u0259 maarif&ccedil;ilik h\u0259r\u0259kat\u0131n\u0131 canland\u0131ran ictimai-siyasi hadis\u0259l\u0259r \u0259d\u0259biyyat, m\u0259d\u0259niyy\u0259t v\u0259 inc\u0259s\u0259n\u0259t sah\u0259l\u0259rind\u0259 forma v\u0259 m\u0259zmun d\u0259yi\u015fiklikl\u0259rin\u0259 yol a&ccedil;d\u0131. H\u0259min d&ouml;vr Az\u0259rbaycan teatr\u0131n\u0131n inki\u015faf\u0131 bax\u0131m\u0131ndan olduqca \u0259lam\u0259tdard\u0131r. B&ouml;y&uuml;k m&uuml;t\u0259f\u0259kkir Mirz\u0259 F\u0259t\u0259li Axundzad\u0259 t\u0259r\u0259find\u0259n milli dramaturgiyan\u0131n t\u0259m\u0259linin qoyulmas\u0131 &ouml;lk\u0259mizd\u0259 xalq teatr\u0131n\u0131n pe\u015f\u0259kar teatr s\u0259n\u0259tin\u0259 &ccedil;evrilm\u0259si il\u0259 n\u0259tic\u0259l\u0259ndi&quot;.<\/p>\n<p>Bildirilib ki, &ouml;t\u0259n m&uuml;dd\u0259t \u0259rzind\u0259 dol\u011fun f\u0259aliyy\u0259t g&ouml;st\u0259rmi\u015f v\u0259 \u0259sl milli s\u0259n\u0259t\u0259 &ccedil;evrilmi\u015f Az\u0259rbaycan teatr\u0131 bu g&uuml;n d\u0259 xalq\u0131m\u0131z\u0131n sosial-m\u0259d\u0259ni h\u0259yat\u0131nda &ouml;z&uuml;n\u0259m\u0259xsus layiqli yer tutur:<\/p>\n<p>&quot;M\u0259mnunluq hissi il\u0259 qeyd etm\u0259k ist\u0259yir\u0259m ki, konfrans\u0131n &ouml;lk\u0259mizin paytaxt\u0131nda &quot;Az\u0259rbaycan teatr\u0131 2009-2019-cu ill\u0259rd\u0259 D&ouml;vl\u0259t Proqram\u0131&quot; &ccedil;\u0259r&ccedil;iv\u0259sind\u0259 t\u0259\u015fkili xo\u015f bir \u0259n\u0259n\u0259 hal\u0131n\u0131 al\u0131b. D&uuml;nyan\u0131n 40-dan &ccedil;ox &ouml;lk\u0259sind\u0259n g\u0259lmi\u015f teatr xadiml\u0259rinin, m&ouml;t\u0259b\u0259r teatr qurumlar\u0131n\u0131n r\u0259hb\u0259rl\u0259ri v\u0259 t\u0259msil&ccedil;il\u0259rinin, teatr m&uuml;t\u0259x\u0259ssisl\u0259rinin i\u015ftirak\u0131 il\u0259 bu konfrans\u0131n artan n&uuml;fuzu art\u0131q g&ouml;z qaba\u011f\u0131ndad\u0131r. S&uuml;r\u0259tli qloballa\u015fma \u015f\u0259raitind\u0259 m&uuml;asir teatr\u0131n imkanlar\u0131, qar\u015f\u0131la\u015fd\u0131\u011f\u0131 probleml\u0259r v\u0259 g\u0259l\u0259c\u0259k inki\u015faf\u0131n\u0131n \u0259sas istiqam\u0259tin\u0259 dair m&ouml;vzularda s\u0259m\u0259r\u0259li fikir m&uuml;badil\u0259si apar\u0131laca\u011f\u0131na v\u0259 birg\u0259 layih\u0259l\u0259r i\u015fl\u0259nilib haz\u0131rlanaca\u011f\u0131na \u0259minik.<\/p>\n<p>&Uuml;midvaram ki, konfrans geni\u015f m&uuml;zakir\u0259l\u0259r yolu il\u0259 yarad\u0131c\u0131l\u0131q m\u0259s\u0259l\u0259l\u0259rinin u\u011furlu h\u0259llin\u0259 m&uuml;v\u0259ff\u0259q olaraq, &ouml;lk\u0259l\u0259rimiz v\u0259 xalqlar\u0131m\u0131z aras\u0131nda m\u0259d\u0259ni \u0259m\u0259kda\u015fl\u0131\u011f\u0131n d\u0259rinl\u0259\u015fm\u0259si v\u0259 dostluq tell\u0259rinin m&ouml;hk\u0259ml\u0259nm\u0259sin\u0259 d\u0259y\u0259rli t&ouml;hf\u0259l\u0259r verir. H\u0259r biriniz\u0259 g\u0259l\u0259c\u0259k f\u0259aliyy\u0259tinizd\u0259 nailiyy\u0259tl\u0259r dil\u0259yir\u0259m&quot;.trend<\/p>\n","protected":false},"excerpt":{"rendered":"<p>Az\u0259rbaycan teatr\u0131 xalq\u0131m\u0131z\u0131n sosial-m\u0259d\u0259ni h\u0259yat\u0131nda &ouml;z&uuml;n\u0259m\u0259xsus layiqli yer tutur Az\u0259rbaycan Prezidenti \u0130lham \u018fliyev V Bak\u0131 Beyn\u0259lxalq Teatr Konfrans\u0131n\u0131n i\u015ftirak&ccedil;\u0131lar\u0131na t\u0259brik m\u0259ktubu &uuml;nvanlay\u0131b. M\u0259ktubu Az\u0259rbaycan Prezidenti Administrasiyas\u0131n\u0131n Humanitar siyas\u0259t m\u0259s\u0259l\u0259l\u0259ri \u015f&ouml;b\u0259sinin&hellip;<\/p>\n","protected":false},"author":1,"featured_media":251278,"comment_status":"open","ping_status":"open","sticky":false,"template":"","format":"standard","meta":{"_lmt_disableupdate":"","_lmt_disable":"","footnotes":""},"categories":[],"tags":[],"class_list":["post-70647","post","type-post","status-publish","format-standard","has-post-thumbnail","hentry"],"_links":{"self":[{"href":"https:\/\/ucnoqta.az\/index.php?rest_route=\/wp\/v2\/posts\/70647","targetHints":{"allow":["GET"]}}],"collection":[{"href":"https:\/\/ucnoqta.az\/index.php?rest_route=\/wp\/v2\/posts"}],"about":[{"href":"https:\/\/ucnoqta.az\/index.php?rest_route=\/wp\/v2\/types\/post"}],"author":[{"embeddable":true,"href":"https:\/\/ucnoqta.az\/index.php?rest_route=\/wp\/v2\/users\/1"}],"replies":[{"embeddable":true,"href":"https:\/\/ucnoqta.az\/index.php?rest_route=%2Fwp%2Fv2%2Fcomments&post=70647"}],"version-history":[{"count":0,"href":"https:\/\/ucnoqta.az\/index.php?rest_route=\/wp\/v2\/posts\/70647\/revisions"}],"wp:featuredmedia":[{"embeddable":true,"href":"https:\/\/ucnoqta.az\/index.php?rest_route=\/wp\/v2\/media\/251278"}],"wp:attachment":[{"href":"https:\/\/ucnoqta.az\/index.php?rest_route=%2Fwp%2Fv2%2Fmedia&parent=70647"}],"wp:term":[{"taxonomy":"category","embeddable":true,"href":"https:\/\/ucnoqta.az\/index.php?rest_route=%2Fwp%2Fv2%2Fcategories&post=70647"},{"taxonomy":"post_tag","embeddable":true,"href":"https:\/\/ucnoqta.az\/index.php?rest_route=%2Fwp%2Fv2%2Ftags&post=70647"}],"curies":[{"name":"wp","href":"https:\/\/api.w.org\/{rel}","templated":true}]}}