{"id":70646,"date":"2018-11-05T12:28:04","date_gmt":"2018-11-05T08:28:04","guid":{"rendered":""},"modified":"-0001-11-30T00:00:00","modified_gmt":"-0001-11-29T20:00:00","slug":"","status":"publish","type":"post","link":"https:\/\/ucnoqta.az\/?p=70646","title":{"rendered":"G\u0259l\u0259n il 5 rayonda &#8220;ASAN xidm\u0259t&#8221; istifad\u0259y\u0259 veril\u0259c\u0259k"},"content":{"rendered":"<p><strong>G\u0259l\u0259n il &ldquo;ASAN xidm\u0259t&rdquo; m\u0259rk\u0259zl\u0259rinin istifad\u0259y\u0259 veril\u0259c\u0259yi rayonlar\u0131n adlar\u0131 a&ccedil;\u0131qlan\u0131b<\/strong><\/p>\n<p>&ldquo;2019-cu ild\u0259 Az\u0259rbaycanda &ldquo;ASAN xidm\u0259t&rdquo; m\u0259rk\u0259zl\u0259rinin say\u0131 20-y\u0259 &ccedil;atd\u0131r\u0131lacaq&rdquo;. Ucnoqta.az x\u0259b\u0259r verir ki, bunu &quot;Report&quot;a a&ccedil;\u0131qlamas\u0131nda Az\u0259rbaycan Prezidenti yan\u0131nda V\u0259t\u0259nda\u015flara Xidm\u0259t v\u0259 Sosial \u0130nnovasiyalar &uuml;zr\u0259 D&ouml;vl\u0259t Agentliyinin s\u0259dri &Uuml;lvi Mehdiyev deyib.<\/p>\n<p>O bildirib ki, haz\u0131rda &ouml;lk\u0259d\u0259 15 &ldquo;ASAN xidm\u0259t&rdquo; m\u0259rk\u0259zi f\u0259aliyy\u0259t g&ouml;st\u0259rir: &ldquo;G\u0259l\u0259n il is\u0259 Az\u0259rbaycan v\u0259t\u0259nda\u015flar\u0131na 5-i Bak\u0131da olmaqla 20 m\u0259rk\u0259z xidm\u0259t g&ouml;st\u0259r\u0259c\u0259k. 2019-cu ild\u0259 istifad\u0259y\u0259 verilm\u0259si n\u0259z\u0259rd\u0259 tutulan 5 yeni m\u0259rk\u0259z Tovuz, A\u011fcab\u0259di, K&uuml;rd\u0259mir, \u015eamax\u0131, Balak\u0259n rayonlar\u0131nda olacaq. Bu 5 m\u0259rk\u0259zin h\u0259r birinin tikintisi art\u0131q ba\u015flay\u0131b&rdquo;.<\/p>\n<p>&Uuml;.Mehdiyev qeyd edib ki, m\u0259rk\u0259zl\u0259rd\u0259 11 d&ouml;vl\u0259t orqan\u0131, h\u0259m&ccedil;inin &ouml;z\u0259l \u015firk\u0259t v\u0259 m&uuml;\u0259ssis\u0259l\u0259r t\u0259r\u0259find\u0259n &uuml;mumilikd\u0259 320-d\u0259n &ccedil;ox m&uuml;xt\u0259lif xidm\u0259tl\u0259r g&ouml;st\u0259rilir.<\/p>\n","protected":false},"excerpt":{"rendered":"<p>G\u0259l\u0259n il &ldquo;ASAN xidm\u0259t&rdquo; m\u0259rk\u0259zl\u0259rinin istifad\u0259y\u0259 veril\u0259c\u0259yi rayonlar\u0131n adlar\u0131 a&ccedil;\u0131qlan\u0131b &ldquo;2019-cu ild\u0259 Az\u0259rbaycanda &ldquo;ASAN xidm\u0259t&rdquo; m\u0259rk\u0259zl\u0259rinin say\u0131 20-y\u0259 &ccedil;atd\u0131r\u0131lacaq&rdquo;. Ucnoqta.az x\u0259b\u0259r verir ki, bunu &quot;Report&quot;a a&ccedil;\u0131qlamas\u0131nda Az\u0259rbaycan Prezidenti yan\u0131nda V\u0259t\u0259nda\u015flara&hellip;<\/p>\n","protected":false},"author":1,"featured_media":251278,"comment_status":"open","ping_status":"open","sticky":false,"template":"","format":"standard","meta":{"_lmt_disableupdate":"","_lmt_disable":"","footnotes":""},"categories":[],"tags":[],"class_list":["post-70646","post","type-post","status-publish","format-standard","has-post-thumbnail","hentry"],"_links":{"self":[{"href":"https:\/\/ucnoqta.az\/index.php?rest_route=\/wp\/v2\/posts\/70646","targetHints":{"allow":["GET"]}}],"collection":[{"href":"https:\/\/ucnoqta.az\/index.php?rest_route=\/wp\/v2\/posts"}],"about":[{"href":"https:\/\/ucnoqta.az\/index.php?rest_route=\/wp\/v2\/types\/post"}],"author":[{"embeddable":true,"href":"https:\/\/ucnoqta.az\/index.php?rest_route=\/wp\/v2\/users\/1"}],"replies":[{"embeddable":true,"href":"https:\/\/ucnoqta.az\/index.php?rest_route=%2Fwp%2Fv2%2Fcomments&post=70646"}],"version-history":[{"count":0,"href":"https:\/\/ucnoqta.az\/index.php?rest_route=\/wp\/v2\/posts\/70646\/revisions"}],"wp:featuredmedia":[{"embeddable":true,"href":"https:\/\/ucnoqta.az\/index.php?rest_route=\/wp\/v2\/media\/251278"}],"wp:attachment":[{"href":"https:\/\/ucnoqta.az\/index.php?rest_route=%2Fwp%2Fv2%2Fmedia&parent=70646"}],"wp:term":[{"taxonomy":"category","embeddable":true,"href":"https:\/\/ucnoqta.az\/index.php?rest_route=%2Fwp%2Fv2%2Fcategories&post=70646"},{"taxonomy":"post_tag","embeddable":true,"href":"https:\/\/ucnoqta.az\/index.php?rest_route=%2Fwp%2Fv2%2Ftags&post=70646"}],"curies":[{"name":"wp","href":"https:\/\/api.w.org\/{rel}","templated":true}]}}