{"id":70642,"date":"2018-11-05T11:55:20","date_gmt":"2018-11-05T07:55:20","guid":{"rendered":""},"modified":"-0001-11-30T00:00:00","modified_gmt":"-0001-11-29T20:00:00","slug":"","status":"publish","type":"post","link":"https:\/\/ucnoqta.az\/?p=70642","title":{"rendered":"Maliyy\u0259 naziri: <font color=red><b>\u201cQon\u015fu \u00f6lk\u0259l\u0259rin milli valyutalar\u0131n\u0131n ucuzla\u015fmas\u0131 &#8230;\u201d<\/b><\/font>"},"content":{"rendered":"<p><strong>&ldquo;Az\u0259rbaycanla qon\u015fu &ouml;lk\u0259l\u0259rin v\u0259 \u0259sas ticar\u0259t t\u0259r\u0259fda\u015flar\u0131n\u0131n milli valyutalar\u0131n\u0131n ucuzla\u015fmas\u0131 manat\u0131n m\u0259z\u0259nn\u0259sin\u0259 t\u0259zyiql\u0259ri art\u0131r\u0131r&rdquo;.<\/strong><\/p>\n<p>Bunu maliyy\u0259 naziri Samir \u015e\u0259rifov Milli M\u0259clisin komit\u0259l\u0259rinin g\u0259l\u0259n ilin d&ouml;vl\u0259t b&uuml;dc\u0259si il\u0259 ba\u011fl\u0131 birg\u0259 iclas\u0131nda bildirib. &ldquo;Neftin qiym\u0259tind\u0259 m&uuml;\u0259yy\u0259n sabitl\u0259\u015fm\u0259nin Az\u0259rbaycana m&uuml;sb\u0259t t\u0259siri ehtimal olunsa da, regiondak\u0131 iqtisadi t\u0259lat&uuml;ml\u0259rin &ouml;lk\u0259 iqtisadiyyat\u0131na potensial m\u0259nfi t\u0259sirl\u0259ri d\u0259 n\u0259z\u0259rd\u0259n qa&ccedil;\u0131r\u0131lmamal\u0131d\u0131r. Qon\u015fu &ouml;lk\u0259l\u0259rin v\u0259 \u0259sas ticar\u0259t t\u0259r\u0259fda\u015flar\u0131m\u0131z\u0131n milli valyutalar\u0131n\u0131n ucuzla\u015fmas\u0131 bir t\u0259r\u0259fd\u0259n yerli istehsal&ccedil;\u0131lar\u0131n ixrac imkanlar\u0131n\u0131n azalmas\u0131, dig\u0259r t\u0259r\u0259fd\u0259n is\u0259 &ouml;lk\u0259y\u0259 idxal\u0131n art\u0131m\u0131 riskini aktualla\u015fd\u0131r\u0131r&rdquo;, &#8211; o qeyd edib.<\/p>\n<p>Nazirin s&ouml;zl\u0259rin\u0259 g&ouml;r\u0259, xarici makroiqtisadi t\u0259hdidl\u0259rin &ouml;lk\u0259 iqtisadiyyat\u0131na t\u0259sirinin qar\u015f\u0131s\u0131n\u0131n al\u0131nmas\u0131 2019-cu ild\u0259 h\u0259yata ke&ccedil;iril\u0259c\u0259k monetar v\u0259 fiskal siyas\u0259tin \u0259sas h\u0259d\u0259fl\u0259rind\u0259n biri olacaq.<\/p>\n<p>&quot;Bununla yana\u015f\u0131, b&uuml;dc\u0259nin sabitliyinin, ortam&uuml;dd\u0259tli dayan\u0131ql\u0131l\u0131\u011f\u0131n t\u0259min edilm\u0259si x&uuml;susi \u0259h\u0259miyy\u0259t k\u0259sb edir. 2019-ci il d\u0259 daxil olmaqla, n&ouml;vb\u0259ti ill\u0259rin icmal v\u0259 d&ouml;vl\u0259t b&uuml;dc\u0259l\u0259ri yeni q\u0259bul edilmi\u015f b&uuml;dc\u0259 qaydas\u0131na uy\u011fun haz\u0131rlanacaq&rdquo;, &#8211; nazir deyib. report<\/p>\n","protected":false},"excerpt":{"rendered":"<p>&ldquo;Az\u0259rbaycanla qon\u015fu &ouml;lk\u0259l\u0259rin v\u0259 \u0259sas ticar\u0259t t\u0259r\u0259fda\u015flar\u0131n\u0131n milli valyutalar\u0131n\u0131n ucuzla\u015fmas\u0131 manat\u0131n m\u0259z\u0259nn\u0259sin\u0259 t\u0259zyiql\u0259ri art\u0131r\u0131r&rdquo;. Bunu maliyy\u0259 naziri Samir \u015e\u0259rifov Milli M\u0259clisin komit\u0259l\u0259rinin g\u0259l\u0259n ilin d&ouml;vl\u0259t b&uuml;dc\u0259si il\u0259 ba\u011fl\u0131 birg\u0259 iclas\u0131nda&hellip;<\/p>\n","protected":false},"author":1,"featured_media":251278,"comment_status":"open","ping_status":"open","sticky":false,"template":"","format":"standard","meta":{"_lmt_disableupdate":"","_lmt_disable":"","footnotes":""},"categories":[],"tags":[],"class_list":["post-70642","post","type-post","status-publish","format-standard","has-post-thumbnail","hentry"],"_links":{"self":[{"href":"https:\/\/ucnoqta.az\/index.php?rest_route=\/wp\/v2\/posts\/70642","targetHints":{"allow":["GET"]}}],"collection":[{"href":"https:\/\/ucnoqta.az\/index.php?rest_route=\/wp\/v2\/posts"}],"about":[{"href":"https:\/\/ucnoqta.az\/index.php?rest_route=\/wp\/v2\/types\/post"}],"author":[{"embeddable":true,"href":"https:\/\/ucnoqta.az\/index.php?rest_route=\/wp\/v2\/users\/1"}],"replies":[{"embeddable":true,"href":"https:\/\/ucnoqta.az\/index.php?rest_route=%2Fwp%2Fv2%2Fcomments&post=70642"}],"version-history":[{"count":0,"href":"https:\/\/ucnoqta.az\/index.php?rest_route=\/wp\/v2\/posts\/70642\/revisions"}],"wp:featuredmedia":[{"embeddable":true,"href":"https:\/\/ucnoqta.az\/index.php?rest_route=\/wp\/v2\/media\/251278"}],"wp:attachment":[{"href":"https:\/\/ucnoqta.az\/index.php?rest_route=%2Fwp%2Fv2%2Fmedia&parent=70642"}],"wp:term":[{"taxonomy":"category","embeddable":true,"href":"https:\/\/ucnoqta.az\/index.php?rest_route=%2Fwp%2Fv2%2Fcategories&post=70642"},{"taxonomy":"post_tag","embeddable":true,"href":"https:\/\/ucnoqta.az\/index.php?rest_route=%2Fwp%2Fv2%2Ftags&post=70642"}],"curies":[{"name":"wp","href":"https:\/\/api.w.org\/{rel}","templated":true}]}}