{"id":70639,"date":"2018-11-05T11:38:56","date_gmt":"2018-11-05T07:38:56","guid":{"rendered":""},"modified":"-0001-11-30T00:00:00","modified_gmt":"-0001-11-29T20:00:00","slug":"","status":"publish","type":"post","link":"https:\/\/ucnoqta.az\/?p=70639","title":{"rendered":"Elmar M\u0259mm\u0259dyarov: Az\u0259rbaycan \u0259dal\u0259tsizlikd\u0259n, o c\u00fcml\u0259d\u0259n torpaqlar\u0131n\u0131n i\u015f\u011fal olunmas\u0131ndan \u0259ziyy\u0259t \u00e7\u0259kir"},"content":{"rendered":"<p><strong>Az\u0259rbaycan \u0259dal\u0259tsizlikd\u0259n, o c&uuml;ml\u0259d\u0259n torpaqlar\u0131n\u0131n qon\u015fu Erm\u0259nistan t\u0259r\u0259find\u0259n i\u015f\u011fal olunmas\u0131ndan \u0259ziyy\u0259t &ccedil;\u0259kir.<\/strong><\/p>\n<p>Bunu Az\u0259rbaycan\u0131n xarici i\u015fl\u0259r naziri Elmar M\u0259mm\u0259dyarov F\u0259l\u0259stin d&ouml;vl\u0259tinin Asiya qit\u0259sind\u0259ki s\u0259firl\u0259rinin konfrans\u0131nda deyib. Nazir bildirib ki, BMT T\u0259hl&uuml;k\u0259sizlik \u015euras\u0131n\u0131n Da\u011fl\u0131q Qaraba\u011f m&uuml;naqi\u015f\u0259si il\u0259 ba\u011fl\u0131 1993-c&uuml; ild\u0259 q\u0259bul etdiyi q\u0259tnam\u0259l\u0259r h\u0259l\u0259 d\u0259 yerin\u0259 yetirilmir.<\/p>\n<p>E.M\u0259mm\u0259dyarov bildirib ki, i\u015f\u011fal olunmu\u015f \u0259razil\u0259rd\u0259 az\u0259rbaycanl\u0131lar etnik t\u0259mizl\u0259m\u0259y\u0259 m\u0259ruz qal\u0131b.trend<\/p>\n","protected":false},"excerpt":{"rendered":"<p>Az\u0259rbaycan \u0259dal\u0259tsizlikd\u0259n, o c&uuml;ml\u0259d\u0259n torpaqlar\u0131n\u0131n qon\u015fu Erm\u0259nistan t\u0259r\u0259find\u0259n i\u015f\u011fal olunmas\u0131ndan \u0259ziyy\u0259t &ccedil;\u0259kir. Bunu Az\u0259rbaycan\u0131n xarici i\u015fl\u0259r naziri Elmar M\u0259mm\u0259dyarov F\u0259l\u0259stin d&ouml;vl\u0259tinin Asiya qit\u0259sind\u0259ki s\u0259firl\u0259rinin konfrans\u0131nda deyib. Nazir bildirib ki, BMT&hellip;<\/p>\n","protected":false},"author":1,"featured_media":251278,"comment_status":"open","ping_status":"open","sticky":false,"template":"","format":"standard","meta":{"_lmt_disableupdate":"","_lmt_disable":"","footnotes":""},"categories":[86],"tags":[],"class_list":["post-70639","post","type-post","status-publish","format-standard","has-post-thumbnail","hentry","category-siyaset"],"_links":{"self":[{"href":"https:\/\/ucnoqta.az\/index.php?rest_route=\/wp\/v2\/posts\/70639","targetHints":{"allow":["GET"]}}],"collection":[{"href":"https:\/\/ucnoqta.az\/index.php?rest_route=\/wp\/v2\/posts"}],"about":[{"href":"https:\/\/ucnoqta.az\/index.php?rest_route=\/wp\/v2\/types\/post"}],"author":[{"embeddable":true,"href":"https:\/\/ucnoqta.az\/index.php?rest_route=\/wp\/v2\/users\/1"}],"replies":[{"embeddable":true,"href":"https:\/\/ucnoqta.az\/index.php?rest_route=%2Fwp%2Fv2%2Fcomments&post=70639"}],"version-history":[{"count":0,"href":"https:\/\/ucnoqta.az\/index.php?rest_route=\/wp\/v2\/posts\/70639\/revisions"}],"wp:featuredmedia":[{"embeddable":true,"href":"https:\/\/ucnoqta.az\/index.php?rest_route=\/wp\/v2\/media\/251278"}],"wp:attachment":[{"href":"https:\/\/ucnoqta.az\/index.php?rest_route=%2Fwp%2Fv2%2Fmedia&parent=70639"}],"wp:term":[{"taxonomy":"category","embeddable":true,"href":"https:\/\/ucnoqta.az\/index.php?rest_route=%2Fwp%2Fv2%2Fcategories&post=70639"},{"taxonomy":"post_tag","embeddable":true,"href":"https:\/\/ucnoqta.az\/index.php?rest_route=%2Fwp%2Fv2%2Ftags&post=70639"}],"curies":[{"name":"wp","href":"https:\/\/api.w.org\/{rel}","templated":true}]}}