{"id":70632,"date":"2018-11-05T10:38:26","date_gmt":"2018-11-05T06:38:26","guid":{"rendered":""},"modified":"-0001-11-30T00:00:00","modified_gmt":"-0001-11-29T20:00:00","slug":"","status":"publish","type":"post","link":"https:\/\/ucnoqta.az\/?p=70632","title":{"rendered":"Camal Ka\u015f\u0131k\u00e7\u0131n\u0131n o\u011fullar\u0131: <font color=red><b>\u201cMeyit biz\u0259 verilm\u0259s\u0259, bu m\u00f6vzu ba\u011flanmayacaq\u201d<\/b><\/font>"},"content":{"rendered":"<p><strong>Q\u0259tl\u0259 yetiril\u0259n jurnalist Camal Ka\u015f\u0131k&ccedil;\u0131n\u0131n\u0131n &ouml;vladlar\u0131 ilk d\u0259f\u0259 a&ccedil;\u0131qlama veribl\u0259r.<\/strong><\/p>\n<p>Ucnoqta.az &ldquo;&Ouml;lk\u0259.az&rdquo;a istinad\u0259n x\u0259b\u0259r verir ki, 35 ya\u015fl\u0131 Salah v\u0259 33 ya\u015fl\u0131 Abdulla &ldquo;CNN&rdquo; kanal\u0131na m&uuml;sahib\u0259 veribl\u0259r. Onlar m&uuml;sahib\u0259l\u0259rind\u0259 atalar\u0131n\u0131n &ccedil;ox c\u0259sar\u0259tli, com\u0259rd v\u0259 c\u0259sur bir insan oldu\u011funu bildiribl\u0259r: &ldquo;Atam\u0131z\u0131n meyiti biz\u0259 verilm\u0259s\u0259 yas saxlaya bilm\u0259rik v\u0259 bu m&ouml;vzu ba\u011flanmayacaq. Haz\u0131rda yegan\u0259 arzumuz atam\u0131z\u0131 M\u0259din\u0259d\u0259ki \u018fl Baki q\u0259birstanl\u0131\u011f\u0131nda ail\u0259mizin dig\u0259r &uuml;zvl\u0259rinin yan\u0131nda d\u0259fn etm\u0259kdir. S\u0259udiyy\u0259 r\u0259smil\u0259ri il\u0259 dan\u0131\u015fd\u0131q, q\u0131sa m&uuml;dd\u0259t \u0259rzind\u0259 bunu h\u0259yata ke&ccedil;ir\u0259 bil\u0259rik&rdquo;.<br \/>\nSalah bildirib ki, b\u0259zil\u0259ri cavabs\u0131z suallar\u0131n cavab\u0131n\u0131 bildikl\u0259rini d&uuml;\u015f&uuml;n&uuml;rl\u0259r amma \u0259slind\u0259 bel\u0259 deyil. \u0130stintaq\u0131n bitm\u0259sini v\u0259 h\u0259qiq\u0259tl\u0259rin &uuml;z\u0259 &ccedil;\u0131xmas\u0131 &uuml;&ccedil;&uuml;n g&ouml;zl\u0259dikl\u0259rini qeyd ed\u0259n Salah \u0259lav\u0259 edib:<br \/>\n&ldquo;Kral bu i\u015fd\u0259 \u0259li olan h\u0259r k\u0259sin \u0259dal\u0259t\u0259 t\u0259slim edil\u0259c\u0259yini s&ouml;yl\u0259yib. M\u0259n buna inan\u0131ram. Bel\u0259 d\u0259 olacaq&rdquo;.<\/p>\n<p>B\u018f\u018f-d\u0259 ya\u015fayan Abdulla is\u0259 cinay\u0259td\u0259n \u0259vv\u0259l atas\u0131 il\u0259 T&uuml;rkiy\u0259d\u0259 g&ouml;r&uuml;\u015fd&uuml;y&uuml;n&uuml; deyib:<br \/>\n&ldquo;Atam xo\u015fb\u0259xt idi. Onunla g&ouml;r&uuml;\u015fm\u0259k m\u0259nim &uuml;&ccedil;&uuml;n f&uuml;rs\u0259t idi. \u0130stanbulda yax\u015f\u0131 vaxt ke&ccedil;irdik. Onun son anlar\u0131n\u0131 g&ouml;rd&uuml;y&uuml;m &uuml;&ccedil;&uuml;n xo\u015fb\u0259xt\u0259m. &Uuml;mid edir\u0259m atam &ccedil;ox ac\u0131 &ccedil;\u0259km\u0259yib v\u0259 h\u0259r \u015fey &ccedil;ox s&uuml;r\u0259tl\u0259 olub&rdquo;.<\/p>\n<p>Atas\u0131n\u0131n M&uuml;s\u0259lman Qarda\u015flar &uuml;zv&uuml; oldu\u011funa dair suala Abdulla bel\u0259 cavab verib:<\/p>\n<p>&ldquo;Bunlar atama at\u0131lan b&ouml;htand\u0131r. Onun m\u0259qal\u0259l\u0259rini oxuyub m\u0259\u011fzini anlam\u0131rlar. Camal he&ccedil; vaxt m&uuml;xalif olmay\u0131b. Monarxiyaya inan\u0131rd\u0131. &Ouml;lk\u0259sinin inki\u015faf\u0131na &uuml;r\u0259kd\u0259n inan\u0131rd\u0131&rdquo;.<\/p>\n","protected":false},"excerpt":{"rendered":"<p>Q\u0259tl\u0259 yetiril\u0259n jurnalist Camal Ka\u015f\u0131k&ccedil;\u0131n\u0131n\u0131n &ouml;vladlar\u0131 ilk d\u0259f\u0259 a&ccedil;\u0131qlama veribl\u0259r. Ucnoqta.az &ldquo;&Ouml;lk\u0259.az&rdquo;a istinad\u0259n x\u0259b\u0259r verir ki, 35 ya\u015fl\u0131 Salah v\u0259 33 ya\u015fl\u0131 Abdulla &ldquo;CNN&rdquo; kanal\u0131na m&uuml;sahib\u0259 veribl\u0259r. Onlar m&uuml;sahib\u0259l\u0259rind\u0259 atalar\u0131n\u0131n&hellip;<\/p>\n","protected":false},"author":1,"featured_media":251278,"comment_status":"open","ping_status":"open","sticky":false,"template":"","format":"standard","meta":{"_lmt_disableupdate":"","_lmt_disable":"","footnotes":""},"categories":[],"tags":[],"class_list":["post-70632","post","type-post","status-publish","format-standard","has-post-thumbnail","hentry"],"_links":{"self":[{"href":"https:\/\/ucnoqta.az\/index.php?rest_route=\/wp\/v2\/posts\/70632","targetHints":{"allow":["GET"]}}],"collection":[{"href":"https:\/\/ucnoqta.az\/index.php?rest_route=\/wp\/v2\/posts"}],"about":[{"href":"https:\/\/ucnoqta.az\/index.php?rest_route=\/wp\/v2\/types\/post"}],"author":[{"embeddable":true,"href":"https:\/\/ucnoqta.az\/index.php?rest_route=\/wp\/v2\/users\/1"}],"replies":[{"embeddable":true,"href":"https:\/\/ucnoqta.az\/index.php?rest_route=%2Fwp%2Fv2%2Fcomments&post=70632"}],"version-history":[{"count":0,"href":"https:\/\/ucnoqta.az\/index.php?rest_route=\/wp\/v2\/posts\/70632\/revisions"}],"wp:featuredmedia":[{"embeddable":true,"href":"https:\/\/ucnoqta.az\/index.php?rest_route=\/wp\/v2\/media\/251278"}],"wp:attachment":[{"href":"https:\/\/ucnoqta.az\/index.php?rest_route=%2Fwp%2Fv2%2Fmedia&parent=70632"}],"wp:term":[{"taxonomy":"category","embeddable":true,"href":"https:\/\/ucnoqta.az\/index.php?rest_route=%2Fwp%2Fv2%2Fcategories&post=70632"},{"taxonomy":"post_tag","embeddable":true,"href":"https:\/\/ucnoqta.az\/index.php?rest_route=%2Fwp%2Fv2%2Ftags&post=70632"}],"curies":[{"name":"wp","href":"https:\/\/api.w.org\/{rel}","templated":true}]}}