{"id":70630,"date":"2018-11-05T10:33:10","date_gmt":"2018-11-05T06:33:10","guid":{"rendered":""},"modified":"-0001-11-30T00:00:00","modified_gmt":"-0001-11-29T20:00:00","slug":"","status":"publish","type":"post","link":"https:\/\/ucnoqta.az\/?p=70630","title":{"rendered":"&#8220;Qaraba\u011f&#8221;\u0131n Avropa Liqas\u0131ndak\u0131 r\u0259qibi ba\u015f m\u0259\u015fq\u00e7isini istefaya g\u00f6nd\u0259rib"},"content":{"rendered":"<p><strong>Bu q\u0259rar &ouml;lk\u0259 kubokundak\u0131 m\u0259\u011flubiyy\u0259td\u0259n sonra q\u0259bul olunub<\/strong><\/p>\n<p>&nbsp;&quot;Qaraba\u011f&quot;\u0131n Avropa Liqas\u0131n\u0131n qrup m\u0259rh\u0259l\u0259sind\u0259ki r\u0259qibl\u0259rind\u0259n olan Portuqaliyan\u0131n &quot;Sportinq&quot; klubu ba\u015f m\u0259\u015fq&ccedil;i Joze Pezeyrunu istefaya g&ouml;nd\u0259rib. Klubun r\u0259smi sayt\u0131 he&ccedil; bir s\u0259b\u0259b a&ccedil;\u0131qlamay\u0131b. Lakin bu add\u0131m\u0131n Liqa Kubokunda &quot;E\u015ftoril&quot;\u0259 1:2 hesabl\u0131 m\u0259\u011flubiyy\u0259tl\u0259 \u0259laq\u0259dar oldu\u011fu g&uuml;man edilir. Qalib komandan\u0131n hey\u0259tind\u0259 Az\u0259rbaycan millisinin futbol&ccedil;usu Renat Dada\u015fov da yer al\u0131b.&nbsp;<\/p>\n<p>Lissabon komandas\u0131n\u0131 Portuqaliya Primeyras\u0131nda s\u0259f\u0259rd\u0259 &quot;Santa Klara&quot;ya 2:1 hesab\u0131 il\u0259 qalib g\u0259ldikl\u0259ri IX tur oyununa Tyaqu Fernande\u015f &ccedil;\u0131xar\u0131b. Bu q\u0259l\u0259b\u0259d\u0259n sonra &quot;Sportinq&quot; 19 xalla 3-c&uuml; pill\u0259y\u0259 y&uuml;ks\u0259lib. Avropa Liqas\u0131nda is\u0259 &quot;zolaql\u0131lar&quot; 6 xalla 2-ci yerd\u0259 gedirl\u0259r. N&ouml;vb\u0259ti g&ouml;r&uuml;\u015f noyabr\u0131n 8-d\u0259 Avroliqan\u0131n IV turu &ccedil;\u0259r&ccedil;iv\u0259sind\u0259 \u0130ngilt\u0259r\u0259 &quot;Arsenal&quot;\u0131na qar\u015f\u0131 olacaq.<\/p>\n<p>Qeyd ed\u0259k ki, &quot;Sportinq&quot; sentyabr\u0131n 20-d\u0259 &quot;Qaraba\u011f&quot;la Lissabonda ke&ccedil;irdiyi g&ouml;r&uuml;\u015fd\u0259 q\u0259l\u0259b\u0259 qazan\u0131b &#8211; 2:0. Bu komandalar Bak\u0131da noyabr\u0131n 29-da qar\u015f\u0131la\u015facaqlar. report<\/p>\n","protected":false},"excerpt":{"rendered":"<p>Bu q\u0259rar &ouml;lk\u0259 kubokundak\u0131 m\u0259\u011flubiyy\u0259td\u0259n sonra q\u0259bul olunub &nbsp;&quot;Qaraba\u011f&quot;\u0131n Avropa Liqas\u0131n\u0131n qrup m\u0259rh\u0259l\u0259sind\u0259ki r\u0259qibl\u0259rind\u0259n olan Portuqaliyan\u0131n &quot;Sportinq&quot; klubu ba\u015f m\u0259\u015fq&ccedil;i Joze Pezeyrunu istefaya g&ouml;nd\u0259rib. Klubun r\u0259smi sayt\u0131 he&ccedil; bir s\u0259b\u0259b&hellip;<\/p>\n","protected":false},"author":1,"featured_media":251278,"comment_status":"open","ping_status":"open","sticky":false,"template":"","format":"standard","meta":{"_lmt_disableupdate":"","_lmt_disable":"","footnotes":""},"categories":[90],"tags":[],"class_list":["post-70630","post","type-post","status-publish","format-standard","has-post-thumbnail","hentry","category-idman-butun-xeberler"],"_links":{"self":[{"href":"https:\/\/ucnoqta.az\/index.php?rest_route=\/wp\/v2\/posts\/70630","targetHints":{"allow":["GET"]}}],"collection":[{"href":"https:\/\/ucnoqta.az\/index.php?rest_route=\/wp\/v2\/posts"}],"about":[{"href":"https:\/\/ucnoqta.az\/index.php?rest_route=\/wp\/v2\/types\/post"}],"author":[{"embeddable":true,"href":"https:\/\/ucnoqta.az\/index.php?rest_route=\/wp\/v2\/users\/1"}],"replies":[{"embeddable":true,"href":"https:\/\/ucnoqta.az\/index.php?rest_route=%2Fwp%2Fv2%2Fcomments&post=70630"}],"version-history":[{"count":0,"href":"https:\/\/ucnoqta.az\/index.php?rest_route=\/wp\/v2\/posts\/70630\/revisions"}],"wp:featuredmedia":[{"embeddable":true,"href":"https:\/\/ucnoqta.az\/index.php?rest_route=\/wp\/v2\/media\/251278"}],"wp:attachment":[{"href":"https:\/\/ucnoqta.az\/index.php?rest_route=%2Fwp%2Fv2%2Fmedia&parent=70630"}],"wp:term":[{"taxonomy":"category","embeddable":true,"href":"https:\/\/ucnoqta.az\/index.php?rest_route=%2Fwp%2Fv2%2Fcategories&post=70630"},{"taxonomy":"post_tag","embeddable":true,"href":"https:\/\/ucnoqta.az\/index.php?rest_route=%2Fwp%2Fv2%2Ftags&post=70630"}],"curies":[{"name":"wp","href":"https:\/\/api.w.org\/{rel}","templated":true}]}}