{"id":70611,"date":"2018-11-03T21:49:28","date_gmt":"2018-11-03T17:49:28","guid":{"rendered":""},"modified":"-0001-11-30T00:00:00","modified_gmt":"-0001-11-29T20:00:00","slug":"","status":"publish","type":"post","link":"https:\/\/ucnoqta.az\/?p=70611","title":{"rendered":"A\u0130BA-n\u0131n yeni prezidenti se\u00e7ilib"},"content":{"rendered":"<p><strong>Az\u0259rbaycan Boks Federasiyas\u0131n\u0131n vitse-prezidenti S&uuml;leyman Mikay\u0131lov A\u0130BA-n\u0131n \u0130craiyy\u0259 Komit\u0259sin\u0259 &uuml;zv se&ccedil;ilib<\/strong><\/p>\n<p>Ucnoqta.az Az\u0259rbaycan Boks Federasiyas\u0131na istinad\u0259n x\u0259b\u0259r verir ki, &Ouml;zb\u0259kistanl\u0131 Qafur R\u0259himov Beyn\u0259lxalq H\u0259v\u0259skar Boks Assosiasiyas\u0131n\u0131n (A\u0130BA) prezidenti se&ccedil;ilib. Qurumun Rusiyan\u0131n paytaxt\u0131 Moskvada ke&ccedil;iril\u0259n Konqresind\u0259 onun yegan\u0259 r\u0259qibi A\u0130BA-n\u0131n qazax\u0131stanl\u0131 vitse-prezidenti Serik Konakbayev olub.<br \/>\nBu ilin yanvar\u0131ndan prezident v\u0259zif\u0259l\u0259rini icra ed\u0259n R\u0259himov se&ccedil;kid\u0259 134 s\u0259sd\u0259n 86-n\u0131 toplay\u0131b. Onun prezident s\u0259lahiyy\u0259tl\u0259ri 2022-ci il\u0259d\u0259k davam ed\u0259c\u0259k.<\/p>\n<p>Konqresd\u0259 &ouml;lk\u0259miz Az\u0259rbaycan Boks Federasiyas\u0131n\u0131n (ABF) vitse-prezidenti S&uuml;leyman Mikay\u0131lov v\u0259 ba\u015f katib Na\u011f\u0131 S\u0259f\u0259rovla t\u0259msil olunub.<br \/>\nABF-in vitse-prezidenti S. Mikay\u0131lov n&ouml;vb\u0259ti 4 il &uuml;&ccedil;&uuml;n A\u0130BA-n\u0131n \u0130craiyy\u0259 Komit\u0259sinin &uuml;zv&uuml; se&ccedil;ilib. O, ard\u0131c\u0131l &uuml;&ccedil;&uuml;nc&uuml; d\u0259f\u0259 &ouml;lk\u0259mizi beyn\u0259lxalq qurumun icraedici orqan\u0131nda t\u0259msil ed\u0259c\u0259k.<\/p>\n<p>Qeyd ed\u0259k ki, \u0130craiyy\u0259 Komit\u0259sinin A\u0130BA-ya &uuml;zv olan 205 &ouml;lk\u0259d\u0259n 14 &uuml;zv&uuml; var.<\/p>\n","protected":false},"excerpt":{"rendered":"<p>Az\u0259rbaycan Boks Federasiyas\u0131n\u0131n vitse-prezidenti S&uuml;leyman Mikay\u0131lov A\u0130BA-n\u0131n \u0130craiyy\u0259 Komit\u0259sin\u0259 &uuml;zv se&ccedil;ilib Ucnoqta.az Az\u0259rbaycan Boks Federasiyas\u0131na istinad\u0259n x\u0259b\u0259r verir ki, &Ouml;zb\u0259kistanl\u0131 Qafur R\u0259himov Beyn\u0259lxalq H\u0259v\u0259skar Boks Assosiasiyas\u0131n\u0131n (A\u0130BA) prezidenti se&ccedil;ilib. Qurumun&hellip;<\/p>\n","protected":false},"author":1,"featured_media":251278,"comment_status":"open","ping_status":"open","sticky":false,"template":"","format":"standard","meta":{"_lmt_disableupdate":"","_lmt_disable":"","footnotes":""},"categories":[90],"tags":[],"class_list":["post-70611","post","type-post","status-publish","format-standard","has-post-thumbnail","hentry","category-idman-butun-xeberler"],"_links":{"self":[{"href":"https:\/\/ucnoqta.az\/index.php?rest_route=\/wp\/v2\/posts\/70611","targetHints":{"allow":["GET"]}}],"collection":[{"href":"https:\/\/ucnoqta.az\/index.php?rest_route=\/wp\/v2\/posts"}],"about":[{"href":"https:\/\/ucnoqta.az\/index.php?rest_route=\/wp\/v2\/types\/post"}],"author":[{"embeddable":true,"href":"https:\/\/ucnoqta.az\/index.php?rest_route=\/wp\/v2\/users\/1"}],"replies":[{"embeddable":true,"href":"https:\/\/ucnoqta.az\/index.php?rest_route=%2Fwp%2Fv2%2Fcomments&post=70611"}],"version-history":[{"count":0,"href":"https:\/\/ucnoqta.az\/index.php?rest_route=\/wp\/v2\/posts\/70611\/revisions"}],"wp:featuredmedia":[{"embeddable":true,"href":"https:\/\/ucnoqta.az\/index.php?rest_route=\/wp\/v2\/media\/251278"}],"wp:attachment":[{"href":"https:\/\/ucnoqta.az\/index.php?rest_route=%2Fwp%2Fv2%2Fmedia&parent=70611"}],"wp:term":[{"taxonomy":"category","embeddable":true,"href":"https:\/\/ucnoqta.az\/index.php?rest_route=%2Fwp%2Fv2%2Fcategories&post=70611"},{"taxonomy":"post_tag","embeddable":true,"href":"https:\/\/ucnoqta.az\/index.php?rest_route=%2Fwp%2Fv2%2Ftags&post=70611"}],"curies":[{"name":"wp","href":"https:\/\/api.w.org\/{rel}","templated":true}]}}