{"id":70606,"date":"2018-11-03T18:10:04","date_gmt":"2018-11-03T14:10:04","guid":{"rendered":""},"modified":"-0001-11-30T00:00:00","modified_gmt":"-0001-11-29T20:00:00","slug":"","status":"publish","type":"post","link":"https:\/\/ucnoqta.az\/?p=70606","title":{"rendered":"Almaniyada \u00f6l\u00fcm h\u00f6km\u00fc tamamil\u0259 l\u0259\u011fv edilib"},"content":{"rendered":"<p><strong>Almaniyan\u0131n Hessen federal torpa\u011f\u0131 Konstitusiyadan &ouml;l&uuml;m h&ouml;km&uuml; c\u0259zas\u0131n\u0131 &ccedil;\u0131xaran qanun q\u0259bul edib.<\/strong><\/p>\n<p>Bu bar\u0259d\u0259 &quot;Report&quot; BBC-y\u0259 istinad\u0259n x\u0259b\u0259r verir. Bel\u0259likl\u0259, &ouml;l&uuml;m c\u0259zas\u0131 b&uuml;t&uuml;n Almaniya \u0259razisind\u0259 tamamil\u0259 qada\u011fan edilib.<\/p>\n<p>Qeyd ed\u0259k ki, &ouml;l&uuml;m h&ouml;km&uuml; c\u0259zas\u0131n\u0131n 1949-cu ild\u0259 Almaniya Federativ Respublikas\u0131n\u0131n Konstitusiyas\u0131ndan &ccedil;\u0131xar\u0131lmas\u0131na baxmayaraq, bu regionun qanunlar\u0131nda qal\u0131rd\u0131.<br \/>\nBu g&uuml;n Avropa \u0130ttifaq\u0131n\u0131n he&ccedil; bir &ouml;lk\u0259sind\u0259 &ouml;l&uuml;m c\u0259zas\u0131 t\u0259tbiq edilmir.<\/p>\n","protected":false},"excerpt":{"rendered":"<p>Almaniyan\u0131n Hessen federal torpa\u011f\u0131 Konstitusiyadan &ouml;l&uuml;m h&ouml;km&uuml; c\u0259zas\u0131n\u0131 &ccedil;\u0131xaran qanun q\u0259bul edib. Bu bar\u0259d\u0259 &quot;Report&quot; BBC-y\u0259 istinad\u0259n x\u0259b\u0259r verir. Bel\u0259likl\u0259, &ouml;l&uuml;m c\u0259zas\u0131 b&uuml;t&uuml;n Almaniya \u0259razisind\u0259 tamamil\u0259 qada\u011fan edilib. Qeyd ed\u0259k&hellip;<\/p>\n","protected":false},"author":1,"featured_media":251278,"comment_status":"open","ping_status":"open","sticky":false,"template":"","format":"standard","meta":{"_lmt_disableupdate":"","_lmt_disable":"","footnotes":""},"categories":[89],"tags":[],"class_list":["post-70606","post","type-post","status-publish","format-standard","has-post-thumbnail","hentry","category-dunya-butun-xeberler"],"_links":{"self":[{"href":"https:\/\/ucnoqta.az\/index.php?rest_route=\/wp\/v2\/posts\/70606","targetHints":{"allow":["GET"]}}],"collection":[{"href":"https:\/\/ucnoqta.az\/index.php?rest_route=\/wp\/v2\/posts"}],"about":[{"href":"https:\/\/ucnoqta.az\/index.php?rest_route=\/wp\/v2\/types\/post"}],"author":[{"embeddable":true,"href":"https:\/\/ucnoqta.az\/index.php?rest_route=\/wp\/v2\/users\/1"}],"replies":[{"embeddable":true,"href":"https:\/\/ucnoqta.az\/index.php?rest_route=%2Fwp%2Fv2%2Fcomments&post=70606"}],"version-history":[{"count":0,"href":"https:\/\/ucnoqta.az\/index.php?rest_route=\/wp\/v2\/posts\/70606\/revisions"}],"wp:featuredmedia":[{"embeddable":true,"href":"https:\/\/ucnoqta.az\/index.php?rest_route=\/wp\/v2\/media\/251278"}],"wp:attachment":[{"href":"https:\/\/ucnoqta.az\/index.php?rest_route=%2Fwp%2Fv2%2Fmedia&parent=70606"}],"wp:term":[{"taxonomy":"category","embeddable":true,"href":"https:\/\/ucnoqta.az\/index.php?rest_route=%2Fwp%2Fv2%2Fcategories&post=70606"},{"taxonomy":"post_tag","embeddable":true,"href":"https:\/\/ucnoqta.az\/index.php?rest_route=%2Fwp%2Fv2%2Ftags&post=70606"}],"curies":[{"name":"wp","href":"https:\/\/api.w.org\/{rel}","templated":true}]}}