{"id":70603,"date":"2018-11-03T16:16:20","date_gmt":"2018-11-03T12:16:20","guid":{"rendered":""},"modified":"-0001-11-30T00:00:00","modified_gmt":"-0001-11-29T20:00:00","slug":"","status":"publish","type":"post","link":"https:\/\/ucnoqta.az\/?p=70603","title":{"rendered":"Bak\u0131da Az\u0259rbaycan v\u0259 Avropa \u0130ttifaq\u0131 aras\u0131nda t\u0259hl\u00fck\u0259sizlik dialoqu ke\u00e7irilib"},"content":{"rendered":"<p><strong>Bak\u0131da Avropa \u0130ttifaq\u0131 (A\u0130) il\u0259 Az\u0259rbaycan aras\u0131nda t\u0259hl&uuml;k\u0259sizlik dialoqu ke&ccedil;irilib.<\/strong><\/p>\n<p>Xarici \u0130\u015fl\u0259r Nazirliyind\u0259n Trend-\u0259 veril\u0259n m\u0259lumata g&ouml;r\u0259, A\u0130 n&uuml;may\u0259nd\u0259 hey\u0259tin\u0259 Avropa Xarici F\u0259aliyy\u0259t Xidm\u0259tinin ba\u015f katibinin siyasi m\u0259s\u0259l\u0259l\u0259r &uuml;zr\u0259 m&uuml;avini Jan Kristof Belyar r\u0259hb\u0259rlik edib. A\u0130 n&uuml;may\u0259nd\u0259 hey\u0259ti Xarici \u0130\u015fl\u0259r Nazirliyind\u0259 nazir m&uuml;avini Araz \u018fzimov il\u0259 g&ouml;r&uuml;\u015f&uuml;b.<br \/>\nA\u0130 n&uuml;may\u0259nd\u0259 hey\u0259ti Prezident Administrasiyas\u0131nda Xarici siyas\u0259t m\u0259s\u0259l\u0259l\u0259ri \u015f&ouml;b\u0259sinin m&uuml;dir m&uuml;avini Hikm\u0259t Hac\u0131yev v\u0259 dig\u0259r r\u0259smil\u0259rl\u0259 g&ouml;r&uuml;\u015f ke&ccedil;irib.<\/p>\n<p>A\u0130-Az\u0259rbaycan \u018fm\u0259kda\u015fl\u0131q \u015euras\u0131n\u0131n bu ilin fevral\u0131nda ke&ccedil;irilmi\u015f 15-ci iclas\u0131nda t\u0259hl&uuml;k\u0259sizlik v\u0259 n\u0259qliyyat m\u0259s\u0259l\u0259l\u0259ri &uuml;zr\u0259 ikit\u0259r\u0259fli dialoq mexanizminin yarad\u0131lmas\u0131 bar\u0259d\u0259 q\u0259rar q\u0259bul olunub.<\/p>\n<p>Dialoq &ccedil;\u0259r&ccedil;iv\u0259sind\u0259 regional v\u0259 beyn\u0259lxalq g&uuml;nd\u0259likd\u0259 duran m\u0259s\u0259l\u0259l\u0259r, o c&uuml;ml\u0259d\u0259n terrorizm, separat&ccedil;\u0131l\u0131q v\u0259 ekstremizmin b&uuml;t&uuml;n forma v\u0259 t\u0259zah&uuml;rl\u0259rin\u0259 qar\u015f\u0131 m&uuml;bariz\u0259, transmilli m&uuml;t\u0259\u015f\u0259kkil cinay\u0259tkarl\u0131q v\u0259 qa&ccedil;aqmal&ccedil;\u0131l\u0131q, kibert\u0259hl&uuml;k\u0259sizlik v\u0259 dig\u0259r t\u0259hl&uuml;k\u0259sizlik h\u0259d\u0259l\u0259rin\u0259 qar\u015f\u0131 m&uuml;bariz\u0259 sah\u0259sind\u0259 \u0259m\u0259kda\u015fl\u0131q imkanlar\u0131 \u0259traf\u0131nda geni\u015f fikir m&uuml;badil\u0259si apar\u0131l\u0131b. H\u0259m&ccedil;inin, g&ouml;r&uuml;\u015f \u0259snas\u0131nda A\u0130 il\u0259 Az\u0259rbaycan aras\u0131nda enerji sah\u0259sind\u0259 u\u011furlu \u0259m\u0259kda\u015fl\u0131q v\u0259 Az\u0259rbaycan\u0131n A\u0130-nin enerji t\u0259hl&uuml;k\u0259sizliyin\u0259 t&ouml;hf\u0259si qeyd olunub.<\/p>\n<p>T\u0259r\u0259fl\u0259r bir-birl\u0259rinin suverenliyi, \u0259razi b&uuml;t&ouml;vl&uuml;y&uuml; v\u0259 beyn\u0259lxalq s\u0259rh\u0259dl\u0259rinin toxunulmazl\u0131\u011f\u0131 &ouml;hd\u0259likl\u0259rin\u0259 sadiq qald\u0131qlar\u0131n\u0131 t\u0259krar edibl\u0259r. Bildirilib ki, hal-haz\u0131rda dan\u0131\u015f\u0131qlar apar\u0131lan yeni t\u0259r\u0259fda\u015fl\u0131q sazi\u015fi Az\u0259rbaycan v\u0259 A\u0130 aras\u0131nda \u0259m\u0259kda\u015fl\u0131\u011f\u0131n h\u0259rt\u0259r\u0259fli inki\u015faf\u0131 &uuml;&ccedil;&uuml;n \u0259lveri\u015fli imkanlar yaradacaq.<\/p>\n<p>A\u0130 t\u0259r\u0259fi Erm\u0259nistan-Az\u0259rbaycan Da\u011fl\u0131q Qaraba\u011f m&uuml;naqi\u015f\u0259sinin h\u0259lli &uuml;zr\u0259 dan\u0131\u015f\u0131qlar prosesinin haz\u0131rk\u0131 v\u0259ziyy\u0259ti bar\u0259d\u0259 m\u0259lumatland\u0131r\u0131l\u0131b v\u0259 vur\u011fulan\u0131b ki, yaln\u0131z Az\u0259rbaycan\u0131n i\u015f\u011fal edilmi\u015f toraqlar\u0131n\u0131n azad edilm\u0259si v\u0259 zor g&uuml;c&uuml;n\u0259 did\u0259rgin d&uuml;\u015fm&uuml;\u015f insanlar\u0131n &ouml;z evl\u0259rin\u0259 geri qay\u0131tmas\u0131 b&ouml;lg\u0259d\u0259 davaml\u0131 s&uuml;lh v\u0259 dayan\u0131ql\u0131 inki\u015fafa g\u0259tir\u0259 bil\u0259r.<\/p>\n<p>T\u0259r\u0259fl\u0259r ilk d\u0259f\u0259 ke&ccedil;iril\u0259n bu dialoqu m&uuml;nasib\u0259tl\u0259rind\u0259 yeni bir m\u0259qam kimi d\u0259y\u0259rl\u0259ndirib v\u0259 dialoqun n&ouml;vb\u0259ti ild\u0259 davam etdirilm\u0259si bar\u0259d\u0259 raz\u0131l\u0131\u011fa g\u0259libl\u0259r.<\/p>\n","protected":false},"excerpt":{"rendered":"<p>Bak\u0131da Avropa \u0130ttifaq\u0131 (A\u0130) il\u0259 Az\u0259rbaycan aras\u0131nda t\u0259hl&uuml;k\u0259sizlik dialoqu ke&ccedil;irilib. Xarici \u0130\u015fl\u0259r Nazirliyind\u0259n Trend-\u0259 veril\u0259n m\u0259lumata g&ouml;r\u0259, A\u0130 n&uuml;may\u0259nd\u0259 hey\u0259tin\u0259 Avropa Xarici F\u0259aliyy\u0259t Xidm\u0259tinin ba\u015f katibinin siyasi m\u0259s\u0259l\u0259l\u0259r &uuml;zr\u0259 m&uuml;avini&hellip;<\/p>\n","protected":false},"author":1,"featured_media":251278,"comment_status":"open","ping_status":"open","sticky":false,"template":"","format":"standard","meta":{"_lmt_disableupdate":"","_lmt_disable":"","footnotes":""},"categories":[86],"tags":[],"class_list":["post-70603","post","type-post","status-publish","format-standard","has-post-thumbnail","hentry","category-siyaset"],"_links":{"self":[{"href":"https:\/\/ucnoqta.az\/index.php?rest_route=\/wp\/v2\/posts\/70603","targetHints":{"allow":["GET"]}}],"collection":[{"href":"https:\/\/ucnoqta.az\/index.php?rest_route=\/wp\/v2\/posts"}],"about":[{"href":"https:\/\/ucnoqta.az\/index.php?rest_route=\/wp\/v2\/types\/post"}],"author":[{"embeddable":true,"href":"https:\/\/ucnoqta.az\/index.php?rest_route=\/wp\/v2\/users\/1"}],"replies":[{"embeddable":true,"href":"https:\/\/ucnoqta.az\/index.php?rest_route=%2Fwp%2Fv2%2Fcomments&post=70603"}],"version-history":[{"count":0,"href":"https:\/\/ucnoqta.az\/index.php?rest_route=\/wp\/v2\/posts\/70603\/revisions"}],"wp:featuredmedia":[{"embeddable":true,"href":"https:\/\/ucnoqta.az\/index.php?rest_route=\/wp\/v2\/media\/251278"}],"wp:attachment":[{"href":"https:\/\/ucnoqta.az\/index.php?rest_route=%2Fwp%2Fv2%2Fmedia&parent=70603"}],"wp:term":[{"taxonomy":"category","embeddable":true,"href":"https:\/\/ucnoqta.az\/index.php?rest_route=%2Fwp%2Fv2%2Fcategories&post=70603"},{"taxonomy":"post_tag","embeddable":true,"href":"https:\/\/ucnoqta.az\/index.php?rest_route=%2Fwp%2Fv2%2Ftags&post=70603"}],"curies":[{"name":"wp","href":"https:\/\/api.w.org\/{rel}","templated":true}]}}