{"id":70602,"date":"2018-11-03T16:08:36","date_gmt":"2018-11-03T12:08:36","guid":{"rendered":""},"modified":"-0001-11-30T00:00:00","modified_gmt":"-0001-11-29T20:00:00","slug":"","status":"publish","type":"post","link":"https:\/\/ucnoqta.az\/?p=70602","title":{"rendered":"Qazax m\u00fc\u0259lliml\u0259r seminariyas\u0131n\u0131n 100 illik yubileyi qeyd edil\u0259c\u0259k- <font color=red><b>S\u0259r\u0259ncam<\/b><\/font>"},"content":{"rendered":"<p><strong>Prezident \u0130lham \u018fliyev Qazax m&uuml;\u0259lliml\u0259r seminariyas\u0131n\u0131n 100 illik yubileyinin qeyd edilm\u0259si haqq\u0131nda s\u0259r\u0259ncam imzalay\u0131b.<\/strong><\/p>\n<p>2018-ci ilin noyabr ay\u0131nda Qazax m&uuml;\u0259lliml\u0259r seminariyas\u0131n\u0131n yarad\u0131lmas\u0131n\u0131n 100 illiyi tamam olur.<br \/>\nAz\u0259rbaycan Xalq C&uuml;mhuriyy\u0259ti h&ouml;kum\u0259tinin q\u0259rar\u0131na \u0259sas\u0259n, Qazax m&uuml;\u0259lliml\u0259r seminariyas\u0131n\u0131n t\u0259\u015fkili Az\u0259rbaycan\u0131n maarif salnam\u0259sinin \u0259n parlaq s\u0259hif\u0259l\u0259rind\u0259ndir.<br \/>\n&nbsp;G&ouml;rk\u0259mli \u0259d\u0259biyyat\u015f&uuml;nas, tan\u0131nm\u0131\u015f maarifp\u0259rv\u0259r v\u0259 ictimai xadim Firidun b\u0259y K&ouml;&ccedil;\u0259rlinin r\u0259hb\u0259rliyi il\u0259 f\u0259aliyy\u0259t\u0259 ba\u015flayan Qazax m&uuml;\u0259lliml\u0259r seminariyas\u0131 b&uuml;t&uuml;n f\u0259nl\u0259rin t\u0259drisinin ana dilind\u0259 m&uuml;t\u0259r\u0259qqi &uuml;sullarla apar\u0131ld\u0131\u011f\u0131 yeni t\u0259hsil oca\u011f\u0131 kimi Az\u0259rbaycanda elmin, maarifin v\u0259 m\u0259d\u0259niyy\u0259tin inki\u015faf\u0131na misilsiz t&ouml;hf\u0259l\u0259r vermi\u015fdir. Respublikan\u0131n b&ouml;lg\u0259l\u0259ri il\u0259 yana\u015f\u0131, qon\u015fu &ouml;lk\u0259l\u0259r &uuml;&ccedil;&uuml;n d\u0259 uzun ill\u0259r boyu y&uuml;ks\u0259k ixtisasl\u0131 pedaqoji kadrlar haz\u0131rlam\u0131\u015f seminariyan\u0131n yetirm\u0259l\u0259ri s\u0131ras\u0131nda adlar\u0131 t\u0259hsil, elm v\u0259 m\u0259d\u0259niyy\u0259t tarixin\u0259 h\u0259kk olunmu\u015f &ccedil;ox sayda tan\u0131nm\u0131\u015f simalar vard\u0131r.<\/p>\n<p>Qazax m&uuml;\u0259lliml\u0259r seminariyas\u0131 m&uuml;st\u0259qil Az\u0259rbaycan Respublikas\u0131n\u0131n t\u0259hsil i\u015f&ccedil;il\u0259rin\u0259 g\u0259nc n\u0259slin az\u0259rbaycan&ccedil;\u0131l\u0131q m\u0259fkur\u0259si ruhunda yeti\u015fdirilm\u0259si &uuml;&ccedil;&uuml;n z\u0259ngin irs qoymu\u015fdur.<\/p>\n<p>S\u0259r\u0259ncamda qeyd edilir ki, T\u0259hsil Nazirliyi, Qazax Rayon \u0130cra Hakimiyy\u0259tinin t\u0259klifl\u0259ri n\u0259z\u0259r\u0259 al\u0131nmaqla, Qazax m&uuml;\u0259lliml\u0259r seminariyas\u0131n\u0131n 100 illik yubileyi il\u0259 ba\u011fl\u0131 t\u0259dbirl\u0259r plan\u0131 haz\u0131rlay\u0131b h\u0259yata ke&ccedil;irsin.<\/p>\n<p>Nazirl\u0259r Kabineti bu S\u0259r\u0259ncamdan ir\u0259li g\u0259l\u0259n m\u0259s\u0259l\u0259l\u0259ri h\u0259ll ed\u0259c\u0259k.<\/p>\n","protected":false},"excerpt":{"rendered":"<p>Prezident \u0130lham \u018fliyev Qazax m&uuml;\u0259lliml\u0259r seminariyas\u0131n\u0131n 100 illik yubileyinin qeyd edilm\u0259si haqq\u0131nda s\u0259r\u0259ncam imzalay\u0131b. 2018-ci ilin noyabr ay\u0131nda Qazax m&uuml;\u0259lliml\u0259r seminariyas\u0131n\u0131n yarad\u0131lmas\u0131n\u0131n 100 illiyi tamam olur. Az\u0259rbaycan Xalq C&uuml;mhuriyy\u0259ti h&ouml;kum\u0259tinin&hellip;<\/p>\n","protected":false},"author":1,"featured_media":251278,"comment_status":"open","ping_status":"open","sticky":false,"template":"","format":"standard","meta":{"_lmt_disableupdate":"","_lmt_disable":"","footnotes":""},"categories":[],"tags":[],"class_list":["post-70602","post","type-post","status-publish","format-standard","has-post-thumbnail","hentry"],"_links":{"self":[{"href":"https:\/\/ucnoqta.az\/index.php?rest_route=\/wp\/v2\/posts\/70602","targetHints":{"allow":["GET"]}}],"collection":[{"href":"https:\/\/ucnoqta.az\/index.php?rest_route=\/wp\/v2\/posts"}],"about":[{"href":"https:\/\/ucnoqta.az\/index.php?rest_route=\/wp\/v2\/types\/post"}],"author":[{"embeddable":true,"href":"https:\/\/ucnoqta.az\/index.php?rest_route=\/wp\/v2\/users\/1"}],"replies":[{"embeddable":true,"href":"https:\/\/ucnoqta.az\/index.php?rest_route=%2Fwp%2Fv2%2Fcomments&post=70602"}],"version-history":[{"count":0,"href":"https:\/\/ucnoqta.az\/index.php?rest_route=\/wp\/v2\/posts\/70602\/revisions"}],"wp:featuredmedia":[{"embeddable":true,"href":"https:\/\/ucnoqta.az\/index.php?rest_route=\/wp\/v2\/media\/251278"}],"wp:attachment":[{"href":"https:\/\/ucnoqta.az\/index.php?rest_route=%2Fwp%2Fv2%2Fmedia&parent=70602"}],"wp:term":[{"taxonomy":"category","embeddable":true,"href":"https:\/\/ucnoqta.az\/index.php?rest_route=%2Fwp%2Fv2%2Fcategories&post=70602"},{"taxonomy":"post_tag","embeddable":true,"href":"https:\/\/ucnoqta.az\/index.php?rest_route=%2Fwp%2Fv2%2Ftags&post=70602"}],"curies":[{"name":"wp","href":"https:\/\/api.w.org\/{rel}","templated":true}]}}