{"id":70601,"date":"2018-11-03T14:42:01","date_gmt":"2018-11-03T10:42:01","guid":{"rendered":""},"modified":"-0001-11-30T00:00:00","modified_gmt":"-0001-11-29T20:00:00","slug":"","status":"publish","type":"post","link":"https:\/\/ucnoqta.az\/?p=70601","title":{"rendered":"Prokurorluq \u0259m\u0259kda\u015flar\u0131na d\u00f6vl\u0259t m\u00fckafatlar\u0131 t\u0259qdim edilib"},"content":{"rendered":"<p><strong>Ba\u015f Prokurorluqda Az\u0259rbaycan Respublikas\u0131 Prezidentinin &ldquo;Az\u0259rbaycan Respublikas\u0131 Prokurorlu\u011funun bir qrup \u0259m\u0259kda\u015f\u0131n\u0131n t\u0259ltif edilm\u0259si haqq\u0131nda&rdquo; 28 sentyabr 2018-ci il tarixli S\u0259r\u0259ncam\u0131 il\u0259 t\u0259ltif olunmu\u015f prokurorluq \u0259m\u0259kda\u015flar\u0131na d&ouml;vl\u0259t m&uuml;kafatlar\u0131n\u0131n t\u0259qdim edilm\u0259si il\u0259 \u0259laq\u0259dar t\u0259dbir ke&ccedil;irilib.<\/strong><\/p>\n<p>Ba\u015f Prokurorluqdan Ucnoqta.az-a veril\u0259n m\u0259lumata g&ouml;r\u0259, m\u0259rasimd\u0259 &ccedil;\u0131x\u0131\u015f ed\u0259n Ba\u015f prokuror Zakir Qaralov qeyd edib ki, Az\u0259rbaycan Respublikas\u0131n\u0131n Prezidenti \u0130lham \u018fliyevin m&uuml;drik r\u0259hb\u0259rliyi alt\u0131nda h\u0259yata ke&ccedil;iril\u0259n m&uuml;asir m\u0259zmunlu t\u0259dbirl\u0259r n\u0259tic\u0259sind\u0259 &ouml;lk\u0259 h\u0259yat\u0131n\u0131n b&uuml;t&uuml;n sah\u0259l\u0259rind\u0259 b&ouml;y&uuml;k ir\u0259lil\u0259yi\u015fl\u0259r\u0259, m&uuml;st\u0259qil d&ouml;vl\u0259t&ccedil;iliyimizin daha da m&ouml;hk\u0259ml\u0259ndirilm\u0259sin\u0259, v\u0259t\u0259nimizin iqtisadi q&uuml;dr\u0259tinin art\u0131r\u0131lmas\u0131 il\u0259 n\u0259tic\u0259l\u0259n\u0259n m&ouml;ht\u0259\u015f\u0259m sosial-iqtisadi inki\u015faf g&ouml;st\u0259ricil\u0259rin\u0259 nail olunmu\u015fdur.<\/p>\n<p>X&uuml;susi vur\u011fulanm\u0131\u015fd\u0131r ki, &ouml;lk\u0259miz son 15 ild\u0259 sabit v\u0259 t\u0259hl&uuml;k\u0259siz \u015f\u0259raitd\u0259 sosial-iqtisadi t\u0259r\u0259qqisini t\u0259min ed\u0259r\u0259k n\u0259h\u0259ng qlobal enerji v\u0259 n\u0259qliyyat layih\u0259l\u0259rinin bilavasit\u0259 t\u0259\u015f\u0259bb&uuml;skar\u0131 olmu\u015f, d&uuml;nyadak\u0131 n&uuml;fuzunu art\u0131raraq 155 &ouml;lk\u0259nin d\u0259st\u0259yi il\u0259 BMT T\u0259hl&uuml;k\u0259sizlik \u015euras\u0131na qeyri-daimi &uuml;zv se&ccedil;ilmi\u015f, 3 peyk\u0259 malik &ouml;lk\u0259 kimi kosmik kluba daxil olmaqla yana\u015f\u0131, \u0259n m&ouml;t\u0259b\u0259r t\u0259dbirl\u0259r\u0259 &#8211; humanitar, siyasi, iqtisadi, m\u0259d\u0259ni forumlara, m&ouml;ht\u0259\u015f\u0259m idman yar\u0131\u015flar\u0131na u\u011furla ev sahibliyi ed\u0259r\u0259k bir d&ouml;vl\u0259t kimi g&uuml;cl&uuml; potensiala v\u0259 m&ouml;vqey\u0259 malik oldu\u011fumuzu d&uuml;nyaya n&uuml;mayi\u015f etdirmi\u015fdir.<\/p>\n<p>\u018fld\u0259 edil\u0259n nailiyy\u0259tl\u0259r m&ouml;t\u0259b\u0259r beyn\u0259lxalq qurumlar\u0131n, o c&uuml;ml\u0259d\u0259n biznes sah\u0259sind\u0259 d&uuml;nyada \u0259n vacib v\u0259 etibarl\u0131 reytinq g&ouml;st\u0259ricisi say\u0131lan D&uuml;nya Bank\u0131n\u0131n &ldquo;Doing Business 2019&rdquo; hesabat\u0131nda Az\u0259rbaycan\u0131n 10 \u0259n islahat&ccedil;\u0131 d&ouml;vl\u0259ti siyah\u0131s\u0131na daxil edil\u0259r\u0259k d&uuml;nyan\u0131n \u0259n &ccedil;ox islahat aparan &ouml;lk\u0259si elan olunmaqla &uuml;mumi indikatorlar &uuml;zr\u0259 190 &ouml;lk\u0259 aras\u0131nda 25-ci yerd\u0259 q\u0259rarla\u015fmas\u0131 &ouml;lk\u0259mizin dinamik sosial-iqtisadi inki\u015faf\u0131n\u0131n parlaq g&ouml;st\u0259ricisi kimi d\u0259y\u0259rl\u0259ndirilmi\u015fdir.<\/p>\n<p>Diqq\u0259t\u0259 &ccedil;atd\u0131r\u0131lm\u0131\u015fd\u0131r ki, respublikam\u0131z\u0131n davaml\u0131 t\u0259r\u0259qqisi dig\u0259r d&ouml;vl\u0259t t\u0259sisatlar\u0131 kimi prokurorluq orqanlar\u0131n\u0131n da ard\u0131c\u0131l v\u0259 m&uuml;nt\u0259z\u0259m inki\u015faf\u0131n\u0131 t\u0259min etmi\u015f, bu m&uuml;h&uuml;m d&ouml;vl\u0259t orqan\u0131 f\u0259aliyy\u0259tini m&uuml;asir d&ouml;vr&uuml;n daha y&uuml;ks\u0259k t\u0259l\u0259bl\u0259ri s\u0259viyy\u0259sind\u0259 quraraq t\u0259kmill\u0259\u015fm\u0259kd\u0259 davam etmi\u015f, cinay\u0259tkarl\u0131qla m&uuml;bariz\u0259d\u0259, insan h&uuml;quq v\u0259 azadl\u0131qlar\u0131n\u0131n, milli d&ouml;vl\u0259t maraqlar\u0131m\u0131z\u0131n qorunmas\u0131nda, sabitliyin v\u0259 t\u0259hl&uuml;k\u0259sizliyin t\u0259min olunmas\u0131nda dig\u0259r h&uuml;quq m&uuml;hafiz\u0259 orqanlar\u0131 il\u0259 qar\u015f\u0131l\u0131ql\u0131 \u0259m\u0259kda\u015fl\u0131q \u015f\u0259raitind\u0259 &ccedil;al\u0131\u015faraq yeni-yeni u\u011furlar qazanm\u0131\u015fd\u0131r.<\/p>\n<p>X&uuml;susi olaraq qeyd edilmi\u015fdir ki, \u015f\u0259r\u0259fli bir inki\u015faf yolu ke&ccedil;mi\u015f Az\u0259rbaycan Prokurorlu\u011funun d&ouml;vl\u0259t&ccedil;iliyin v\u0259 xalq\u0131n maraqlar\u0131na xidm\u0259t etm\u0259kl\u0259, qanun &ccedil;\u0259r&ccedil;iv\u0259sind\u0259 v\u0259 beyn\u0259lxalq standartlara uy\u011fun f\u0259aliyy\u0259t g&ouml;st\u0259r\u0259n d&ouml;vl\u0259t qurumu kimi m&uuml;asir m\u0259zmunda formala\u015fmas\u0131 xalq\u0131m\u0131z\u0131n &uuml;mummilli lideri Heyd\u0259r \u018fliyevin ba\u015flad\u0131\u011f\u0131 v\u0259 Prezident c\u0259nab \u0130lham \u018fliyevin r\u0259hb\u0259rliyi alt\u0131nda yeni m&uuml;st\u0259vid\u0259 davam etdiril\u0259n m\u0259hk\u0259m\u0259 h&uuml;quq islahatlar\u0131 v\u0259 prokurorlu\u011fa olan diqq\u0259t v\u0259 qay\u011f\u0131s\u0131 n\u0259tic\u0259sind\u0259 m&uuml;mk&uuml;n olmu\u015fdur.<\/p>\n<p>Ba\u015f prokuror d\u0259f\u0259l\u0259rl\u0259 prokurorlu\u011fa olan etimad\u0131n\u0131 vur\u011fulayan Prezident \u0130lham \u018fliyevin m\u0259hz Az\u0259rbaycan Prokurorlu\u011funun yaranmas\u0131n\u0131n 100 illik yubileyi \u0259r\u0259f\u0259sind\u0259 28 sentyabr 2018-ci il tarixli S\u0259r\u0259ncamla 43 prokurorluq \u0259m\u0259kda\u015f\u0131n\u0131 y&uuml;ks\u0259k d&ouml;vl\u0259t m&uuml;kafatlar\u0131 &#8211; orden v\u0259 medallarla t\u0259ltif etm\u0259sinin v\u0259 Az\u0259rbaycan Respublikas\u0131 prokurorluq orqanlar\u0131n\u0131n \u0259m\u0259kda\u015flar\u0131na v\u0259 veteranlar\u0131na &uuml;nvanlad\u0131\u011f\u0131 t\u0259brik m&uuml;raci\u0259tinin prokurorlu\u011fun kollektivi &uuml;&ccedil;&uuml;n b&ouml;y&uuml;k sevinc\u0259 s\u0259b\u0259b oldu\u011funu bildirmi\u015fdir.<\/p>\n<p>\u018fminlikl\u0259 qeyd edilmi\u015fdir ki, 100 illik tarix\u0259 malik Az\u0259rbaycan Prokurorlu\u011funun kollektivi bundan sonra da f\u0259aliyy\u0259tinin d&ouml;vl\u0259t t\u0259r\u0259find\u0259n g&ouml;st\u0259ril\u0259n etimada layiq s\u0259viyy\u0259d\u0259 qurulmas\u0131 &uuml;&ccedil;&uuml;n &uuml;z\u0259rin\u0259 d&uuml;\u015f\u0259n v\u0259zif\u0259l\u0259rin layiqinc\u0259 yerin\u0259 yetirilm\u0259sini t\u0259min ed\u0259c\u0259k, ictimai-siyasi sabitliyin v\u0259 t\u0259hl&uuml;k\u0259sizliyin m&ouml;hk\u0259ml\u0259ndirilm\u0259sin\u0259, xalq\u0131m\u0131z\u0131n v\u0259 d&ouml;vl\u0259timizin cinay\u0259tkar q\u0259sdl\u0259rd\u0259n qorunmas\u0131na, insan h&uuml;quq v\u0259 azadl\u0131qlar\u0131n\u0131n etibarl\u0131 m&uuml;dafi\u0259sin\u0259 y&ouml;n\u0259ltm\u0259kl\u0259 respublikam\u0131z\u0131n dinamik inki\u015faf\u0131na istiqam\u0259tl\u0259ndirilmi\u015f yeni m\u0259zmunlu d&ouml;vl\u0259t&ccedil;ilik siyas\u0259tinin realla\u015fd\u0131r\u0131lmas\u0131nda &ouml;z xidm\u0259tl\u0259rini g&ouml;st\u0259r\u0259c\u0259kdir.<\/p>\n<p>T\u0259dbird\u0259 Az\u0259rbaycan Respublikas\u0131n\u0131n Prezidenti \u0130lham \u018fliyevin &ldquo;Az\u0259rbaycan Respublikas\u0131 Prokurorlu\u011funun bir qrup \u0259m\u0259kda\u015f\u0131n\u0131n t\u0259ltif edilm\u0259si haqq\u0131nda&rdquo; 28 sentyabr 2018-ci il tarixli S\u0259r\u0259ncam\u0131na m&uuml;vafiq olaraq, &ouml;lk\u0259d\u0259 qanun&ccedil;ulu\u011fun t\u0259min edilm\u0259sind\u0259, a\u011f\u0131r v\u0259 x&uuml;susil\u0259 a\u011f\u0131r cinay\u0259tl\u0259rin istintaq\u0131n\u0131n apar\u0131lmas\u0131nda, korrupsiyaya qar\u015f\u0131 m&uuml;bariz\u0259d\u0259, m\u0259hk\u0259m\u0259d\u0259 d&ouml;vl\u0259t ittiham\u0131n\u0131n m&uuml;dafi\u0259 olunmas\u0131nda y&uuml;ks\u0259k pe\u015f\u0259karl\u0131q g&ouml;st\u0259rdikl\u0259rin\u0259, xidm\u0259ti v\u0259zif\u0259l\u0259rinin yerin\u0259 yetirilm\u0259sind\u0259 f\u0259rql\u0259ndikl\u0259rin\u0259 g&ouml;r\u0259 &ldquo;V\u0259t\u0259n\u0259 xidm\u0259t\u0259 g&ouml;r\u0259&rdquo; ordenl\u0259ri, &ldquo;T\u0259r\u0259qqi&rdquo; v\u0259 &ldquo;D&ouml;vl\u0259t qullu\u011funda f\u0259rql\u0259nm\u0259y\u0259 g&ouml;r\u0259&rdquo; medallar\u0131 il\u0259 t\u0259ltif edilmi\u015f prokurorluq \u0259m\u0259kda\u015flar\u0131na d&ouml;vl\u0259t m&uuml;kafatlar\u0131 t\u0259qdim olunmu\u015fdur.<\/p>\n<p>Prokurorluq \u0259m\u0259kda\u015flar\u0131n\u0131n d&ouml;vl\u0259t m&uuml;kafatlar\u0131na layiq g&ouml;r&uuml;lm\u0259si Az\u0259rbaycan Prokurorlu\u011funa D&ouml;vl\u0259t ba\u015f&ccedil;\u0131s\u0131 t\u0259r\u0259find\u0259n g&ouml;st\u0259ril\u0259n y&uuml;ks\u0259k etimad v\u0259 inam\u0131n ifad\u0259si, d&ouml;vl\u0259t&ccedil;iliyimizin maraqlar\u0131n\u0131n qorunmas\u0131 i\u015find\u0259 prokurorlu\u011fun f\u0259aliyy\u0259tin\u0259 veril\u0259n y&uuml;ks\u0259k qiym\u0259t kimi d\u0259y\u0259rl\u0259ndirilmi\u015f v\u0259 prokurorlu\u011fun kollektivi &uuml;&ccedil;&uuml;n b&ouml;y&uuml;k m\u0259suliyy\u0259t yaratd\u0131\u011f\u0131 qeyd edilmi\u015fdir.<\/p>\n<p>D&ouml;vl\u0259t t\u0259ltifin\u0259 layiq g&ouml;r&uuml;lm&uuml;\u015f \u0259m\u0259kda\u015flar &ccedil;\u0131x\u0131\u015f ed\u0259r\u0259k onlar\u0131n f\u0259aliyy\u0259tin\u0259 verilmi\u015f y&uuml;ks\u0259k qiym\u0259t\u0259 g&ouml;r\u0259 Az\u0259rbaycan Respublikas\u0131n\u0131n Prezidentin\u0259 d\u0259rin minn\u0259tdarl\u0131qlar\u0131n\u0131 ifad\u0259 etmi\u015f v\u0259 f\u0259aliyy\u0259tl\u0259rini bu etimada layiq s\u0259viyy\u0259d\u0259 qurulmas\u0131 &uuml;&ccedil;&uuml;n m&uuml;mk&uuml;n t\u0259dbirl\u0259r g&ouml;r\u0259c\u0259kl\u0259rini bildirmi\u015fl\u0259r.<\/p>\n<p>T\u0259dbirin yekununda Az\u0259rbaycan Respublikas\u0131 Prokurorlu\u011funun kollektivi ad\u0131ndan Prezident \u0130lham \u018fliyevin &uuml;nvan\u0131na yekdillikl\u0259 m&uuml;raci\u0259t q\u0259bul edilmi\u015fdir.<\/p>\n","protected":false},"excerpt":{"rendered":"<p>Ba\u015f Prokurorluqda Az\u0259rbaycan Respublikas\u0131 Prezidentinin &ldquo;Az\u0259rbaycan Respublikas\u0131 Prokurorlu\u011funun bir qrup \u0259m\u0259kda\u015f\u0131n\u0131n t\u0259ltif edilm\u0259si haqq\u0131nda&rdquo; 28 sentyabr 2018-ci il tarixli S\u0259r\u0259ncam\u0131 il\u0259 t\u0259ltif olunmu\u015f prokurorluq \u0259m\u0259kda\u015flar\u0131na d&ouml;vl\u0259t m&uuml;kafatlar\u0131n\u0131n t\u0259qdim edilm\u0259si il\u0259&hellip;<\/p>\n","protected":false},"author":1,"featured_media":251278,"comment_status":"open","ping_status":"open","sticky":false,"template":"","format":"standard","meta":{"_lmt_disableupdate":"","_lmt_disable":"","footnotes":""},"categories":[],"tags":[],"class_list":["post-70601","post","type-post","status-publish","format-standard","has-post-thumbnail","hentry"],"_links":{"self":[{"href":"https:\/\/ucnoqta.az\/index.php?rest_route=\/wp\/v2\/posts\/70601","targetHints":{"allow":["GET"]}}],"collection":[{"href":"https:\/\/ucnoqta.az\/index.php?rest_route=\/wp\/v2\/posts"}],"about":[{"href":"https:\/\/ucnoqta.az\/index.php?rest_route=\/wp\/v2\/types\/post"}],"author":[{"embeddable":true,"href":"https:\/\/ucnoqta.az\/index.php?rest_route=\/wp\/v2\/users\/1"}],"replies":[{"embeddable":true,"href":"https:\/\/ucnoqta.az\/index.php?rest_route=%2Fwp%2Fv2%2Fcomments&post=70601"}],"version-history":[{"count":0,"href":"https:\/\/ucnoqta.az\/index.php?rest_route=\/wp\/v2\/posts\/70601\/revisions"}],"wp:featuredmedia":[{"embeddable":true,"href":"https:\/\/ucnoqta.az\/index.php?rest_route=\/wp\/v2\/media\/251278"}],"wp:attachment":[{"href":"https:\/\/ucnoqta.az\/index.php?rest_route=%2Fwp%2Fv2%2Fmedia&parent=70601"}],"wp:term":[{"taxonomy":"category","embeddable":true,"href":"https:\/\/ucnoqta.az\/index.php?rest_route=%2Fwp%2Fv2%2Fcategories&post=70601"},{"taxonomy":"post_tag","embeddable":true,"href":"https:\/\/ucnoqta.az\/index.php?rest_route=%2Fwp%2Fv2%2Ftags&post=70601"}],"curies":[{"name":"wp","href":"https:\/\/api.w.org\/{rel}","templated":true}]}}